{"id":233111,"date":"2011-12-08T06:27:42","date_gmt":"2011-12-08T06:27:42","guid":{"rendered":"https:\/\/archivio.cercoiltuovolto.it\/?p=233111"},"modified":"2011-12-08T06:27:42","modified_gmt":"2011-12-08T06:27:42","slug":"la-benevolenza-mons-franco-giulio-brambilla-vescovo-di-novara","status":"publish","type":"post","link":"https:\/\/archivio.cercoiltuovolto.it\/?p=233111","title":{"rendered":"La benevolenza: mons. Franco Giulio Brambilla vescovo di Novara"},"content":{"rendered":"<p style=\"text-align: justify;\">Gioved\u00ec 1 dicembre in Cattedrale alle ore 21 si \u00e8 tenuta la seconda lectio divina della Missione popolare diocesana. Il tema era la benevolenza e la riflessione \u00e8 stata guidata dal teologo mons. Franco Giulio Brambilla, vescovo ausiliare di Milano, ora vescovo eletto di Novara.<\/p>\n<p><iframe loading=\"lazy\" style=\"border: 0px none transparent;\" src=\"http:\/\/www.ustream.tv\/embed\/recorded\/18864175\" frameborder=\"0\" scrolling=\"no\" width=\"480\" height=\"386\"><\/iframe><\/p>\n<p>Fonte: <a href=\"http:\/\/www.diocesipiacenzabobbio.org\/2011\/12\/01\/lectio-divina-con-mons-brambilla-sulla-benevolenza\/\">Diocesi di Piacenza Bobbio<\/a><\/p>\n","protected":false},"excerpt":{"rendered":"<p>Gioved\u00ec 1 dicembre in Cattedrale alle ore 21 si \u00e8 tenuta la seconda lectio divina della Missione popolare diocesana. Il tema era la benevolenza e la riflessione \u00e8 stata guidata dal teologo mons. Franco Giulio Brambilla, vescovo ausiliare di Milano, ora vescovo eletto di Novara. Fonte: Diocesi di Piacenza Bobbio<\/p>\n","protected":false},"author":3,"featured_media":0,"comment_status":"closed","ping_status":"closed","sticky":false,"template":"","format":"standard","meta":{"_kad_post_transparent":"","_kad_post_title":"","_kad_post_layout":"","_kad_post_sidebar_id":"","_kad_post_content_style":"","_kad_post_vertical_padding":"","_kad_post_feature":"","_kad_post_feature_position":"","_kad_post_header":false,"_kad_post_footer":false,"_kad_post_classname":"","footnotes":""},"categories":[101,592],"tags":[113],"class_list":["post-233111","post","type-post","status-publish","format-standard","hentry","category-101","category-riflessioni","tag-video"],"_links":{"self":[{"href":"https:\/\/archivio.cercoiltuovolto.it\/index.php?rest_route=\/wp\/v2\/posts\/233111","targetHints":{"allow":["GET"]}}],"collection":[{"href":"https:\/\/archivio.cercoiltuovolto.it\/index.php?rest_route=\/wp\/v2\/posts"}],"about":[{"href":"https:\/\/archivio.cercoiltuovolto.it\/index.php?rest_route=\/wp\/v2\/types\/post"}],"author":[{"embeddable":true,"href":"https:\/\/archivio.cercoiltuovolto.it\/index.php?rest_route=\/wp\/v2\/users\/3"}],"replies":[{"embeddable":true,"href":"https:\/\/archivio.cercoiltuovolto.it\/index.php?rest_route=%2Fwp%2Fv2%2Fcomments&post=233111"}],"version-history":[{"count":0,"href":"https:\/\/archivio.cercoiltuovolto.it\/index.php?rest_route=\/wp\/v2\/posts\/233111\/revisions"}],"wp:attachment":[{"href":"https:\/\/archivio.cercoiltuovolto.it\/index.php?rest_route=%2Fwp%2Fv2%2Fmedia&parent=233111"}],"wp:term":[{"taxonomy":"category","embeddable":true,"href":"https:\/\/archivio.cercoiltuovolto.it\/index.php?rest_route=%2Fwp%2Fv2%2Fcategories&post=233111"},{"taxonomy":"post_tag","embeddable":true,"href":"https:\/\/archivio.cercoiltuovolto.it\/index.php?rest_route=%2Fwp%2Fv2%2Ftags&post=233111"}],"curies":[{"name":"wp","href":"https:\/\/api.w.org\/{rel}","templated":true}]}}