{"id":233080,"date":"2011-12-04T15:00:37","date_gmt":"2011-12-04T15:00:37","guid":{"rendered":"https:\/\/archivio.cercoiltuovolto.it\/?p=233080"},"modified":"2011-12-04T15:00:37","modified_gmt":"2011-12-04T15:00:37","slug":"max-gazze-radio-vigiova","status":"publish","type":"post","link":"https:\/\/archivio.cercoiltuovolto.it\/?p=233080","title":{"rendered":"Max Gazz\u00e8 a Radio ViGiova"},"content":{"rendered":"<h2>Un\u2019ora di musica, poesia, ironia e originale spiritualit\u00e0.\u00a0<\/h2>\n<p><a href=\"http:\/\/www.cercoiltuovolto.it\/wp-content\/uploads\/2011\/12\/gazze_podcast_radiovigiova.jpg\"><img loading=\"lazy\" decoding=\"async\" class=\"alignright size-full wp-image-21934\" title=\"gazze_podcast_radiovigiova\" src=\"http:\/\/www.cercoiltuovolto.it\/wp-content\/uploads\/2011\/12\/gazze_podcast_radiovigiova.jpg\" alt=\"\" width=\"266\" height=\"199\" \/><\/a>Venerd\u00ec 2 dicembre alle 18.30 Radio ViGiova intervista Max Gazz\u00e8.<\/p>\n<p>Lo speciale di Radio Vigiova ripercorrer\u00e0 la carriera musicale del musicista romano con una intervista di un&#8217;ora davvero particolare. A Max Gazz\u00e8 verranno rivolte anche le domande che molti ascoltatori gli hanno rivolto negli scorsi giorni sul sito\u00a0<a href=\"http:\/\/www.vigiova.it\/radio\/\" target=\"_blank\">www.vigiova.it\/radio<\/a>.<\/p>\n<p>Una puntata da non perdere per conoscere o riscoprire un artista tra i pi\u00f9 brillanti e originali della musica italiana, una voce che sa trasportare \u201ctra coriandoli di cielo e manciate di spuma di mare\u201d.<\/p>\n<p>Radio Vigiova \u00e8 in diretta\u00a0ogni venerd\u00ec alle 18.30 sulle frequenze di Radio Oreb\u00a0(FM 90.2)\u00a0e\u00a0Blu Radio Veneto\u00a0(FM 88.7 \u2013 94.6).\u00a0In streaming sul sito\u00a0<a href=\"http:\/\/www.vigiova.it\/\" target=\"_blank\">www.vigiova.it<\/a>.<\/p>\n<p>In replica su Radio Oreb mercoled\u00ec, gioved\u00ec alle 18.30 e sabato alle 14.00.<\/p>\n<p>[powerpress]<\/p>\n","protected":false},"excerpt":{"rendered":"<p>Un\u2019ora di musica, poesia, ironia e originale spiritualit\u00e0.\u00a0 Venerd\u00ec 2 dicembre alle 18.30 Radio ViGiova intervista Max Gazz\u00e8. Lo speciale di Radio Vigiova ripercorrer\u00e0 la carriera musicale del musicista romano con una intervista di un&#8217;ora davvero particolare. A Max Gazz\u00e8 verranno rivolte anche le domande che molti ascoltatori gli hanno rivolto negli scorsi giorni sul&#8230;<\/p>\n","protected":false},"author":3,"featured_media":0,"comment_status":"closed","ping_status":"closed","sticky":false,"template":"","format":"standard","meta":{"_kad_post_transparent":"","_kad_post_title":"","_kad_post_layout":"","_kad_post_sidebar_id":"","_kad_post_content_style":"","_kad_post_vertical_padding":"","_kad_post_feature":"","_kad_post_feature_position":"","_kad_post_header":false,"_kad_post_footer":false,"_kad_post_classname":"","footnotes":""},"categories":[101,4],"tags":[54,31],"class_list":["post-233080","post","type-post","status-publish","format-standard","hentry","category-101","category-audio-cattolici","tag-interviste","tag-radio-nel-web"],"_links":{"self":[{"href":"https:\/\/archivio.cercoiltuovolto.it\/index.php?rest_route=\/wp\/v2\/posts\/233080","targetHints":{"allow":["GET"]}}],"collection":[{"href":"https:\/\/archivio.cercoiltuovolto.it\/index.php?rest_route=\/wp\/v2\/posts"}],"about":[{"href":"https:\/\/archivio.cercoiltuovolto.it\/index.php?rest_route=\/wp\/v2\/types\/post"}],"author":[{"embeddable":true,"href":"https:\/\/archivio.cercoiltuovolto.it\/index.php?rest_route=\/wp\/v2\/users\/3"}],"replies":[{"embeddable":true,"href":"https:\/\/archivio.cercoiltuovolto.it\/index.php?rest_route=%2Fwp%2Fv2%2Fcomments&post=233080"}],"version-history":[{"count":0,"href":"https:\/\/archivio.cercoiltuovolto.it\/index.php?rest_route=\/wp\/v2\/posts\/233080\/revisions"}],"wp:attachment":[{"href":"https:\/\/archivio.cercoiltuovolto.it\/index.php?rest_route=%2Fwp%2Fv2%2Fmedia&parent=233080"}],"wp:term":[{"taxonomy":"category","embeddable":true,"href":"https:\/\/archivio.cercoiltuovolto.it\/index.php?rest_route=%2Fwp%2Fv2%2Fcategories&post=233080"},{"taxonomy":"post_tag","embeddable":true,"href":"https:\/\/archivio.cercoiltuovolto.it\/index.php?rest_route=%2Fwp%2Fv2%2Ftags&post=233080"}],"curies":[{"name":"wp","href":"https:\/\/api.w.org\/{rel}","templated":true}]}}