{"id":233079,"date":"2011-12-03T21:26:53","date_gmt":"2011-12-03T21:26:53","guid":{"rendered":"https:\/\/archivio.cercoiltuovolto.it\/?p=233079"},"modified":"2011-12-03T21:26:53","modified_gmt":"2011-12-03T21:26:53","slug":"una-speranza-di-giustizia-di-pace-ogni-giorno-di-avvento-con-isaia","status":"publish","type":"post","link":"https:\/\/archivio.cercoiltuovolto.it\/?p=233079","title":{"rendered":"Una speranza di giustizia e di pace &#8211; Ogni giorno di Avvento con Isaia"},"content":{"rendered":"<p align=\"justify\"><a href=\"http:\/\/www.cercoiltuovolto.it\/wp-content\/uploads\/2011\/12\/Una-speranza-di-giustizia-e-di-pace.jpg\"><img loading=\"lazy\" decoding=\"async\" class=\"alignright size-full wp-image-21929\" title=\"Una speranza di giustizia e di pace\" src=\"http:\/\/www.cercoiltuovolto.it\/wp-content\/uploads\/2011\/12\/Una-speranza-di-giustizia-e-di-pace.jpg\" alt=\"\" width=\"200\" height=\"332\" \/><\/a>Nel tempo di Avvento siamo sollecitati, come cristiani, a divenire maggiormente consapevoli della logica di attesa, speranza e vigilanza che contrassegna il nostro essere credenti. Con uno stile incisivo e provocatore, il profeta Isaia condurr\u00e0 il lettore a riflettere sui criteri con i quali si giudica la storia e aiuter\u00e0 a cogliere quale sia il fondamento sicuro della speranza di tutti gli uomini e le donne che \u201cattendono e affrettano la venuta del giorno di Dio\u201d (cf 2Pt 3,12).<\/p>\n<p align=\"justify\"><strong>Destinatari<\/strong><br \/>Parroci, catechisti, operatori pastorali e fedeli tutti.<\/p>\n<p align=\"justify\"><strong>Autore<\/strong><br \/>SERENA NOCETI, teologa e docente di ecclesiologia e antropologia teologica, segretaria del Coordinamento teologhe italiane. NADIA TOSCHI, teologa, docente di teologia morale, lavora presso l&#8217;Ufficio liturgico della diocesi di Firenze.<\/p>\n<p class=\"acquisto-paragrafo\" style=\"text-align: center;\"><a href=\"http:\/\/www.libreriadelsanto.it\/libri\/9788825029604\/una-speranza-di-giustizia-e-di-pace.html?p=sot\"><img loading=\"lazy\" decoding=\"async\" class=\"size-full wp-image-21939 aligncenter\" title=\"Acquista il libro scontato del 15%\" src=\"http:\/\/www.cercoiltuovolto.it\/wp-content\/uploads\/2011\/12\/lds-libro.png\" alt=\"\" width=\"232\" height=\"69\" \/><\/a><\/p>\n<blockquote>\n<h2 align=\"justify\">Ascolta la teologa Serena Noceti ai microfoni di Radio Vaticana<\/h2>\n<p align=\"justify\">L&#8217;Avvento \u00e8 davvero un tempo di speranza perch\u00e9 ci invita a porre il nostro sguardo sul &#8220;possibile&#8221; legato alla realizzazione del progetto di Dio. Ma sono i momenti difficili quelli in cui si rivela la nostra vera identit\u00e0. Isaia ci insegna a viverli con coraggio e responsabilit\u00e0, a &#8220;osare la speranza&#8221;, fondandola sulla promessa di Dio che abita gi\u00e0 la nostra esistenza&#8217;.\u00a0<strong>Con la teologa\u00a0<\/strong><strong><em>Serena Noceti<\/em><\/strong><strong>, vicepresidente dell&#8217;Associazione teologica italiana, continuiamo le trasmissioni dedicate all&#8217;Avvento e basate sul volume, firmato da lei e dalla teologa\u00a0<\/strong><strong><em>Nadia Toschi<\/em><\/strong><strong>, &#8216;Una speranza di giustizia e di pace &#8211; Ogni giorno di Avvento con Isaia&#8217;, Edizioni Messaggero Padova.<\/strong><\/p>\n<p align=\"justify\">[powerpress]<\/p>\n<\/blockquote>\n<p align=\"justify\">\u00a0<\/p>\n","protected":false},"excerpt":{"rendered":"<p>Nel tempo di Avvento siamo sollecitati, come cristiani, a divenire maggiormente consapevoli della logica di attesa, speranza e vigilanza che contrassegna il nostro essere credenti. Con uno stile incisivo e provocatore, il profeta Isaia condurr\u00e0 il lettore a riflettere sui criteri con i quali si giudica la storia e aiuter\u00e0 a cogliere quale sia il&#8230;<\/p>\n","protected":false},"author":3,"featured_media":0,"comment_status":"closed","ping_status":"closed","sticky":false,"template":"","format":"standard","meta":{"_kad_post_transparent":"","_kad_post_title":"","_kad_post_layout":"","_kad_post_sidebar_id":"","_kad_post_content_style":"","_kad_post_vertical_padding":"","_kad_post_feature":"","_kad_post_feature_position":"","_kad_post_header":false,"_kad_post_footer":false,"_kad_post_classname":"","footnotes":""},"categories":[101,112],"tags":[339,17,27],"class_list":["post-233079","post","type-post","status-publish","format-standard","hentry","category-101","category-avvento","tag-isaia","tag-libri","tag-radio-vaticana"],"_links":{"self":[{"href":"https:\/\/archivio.cercoiltuovolto.it\/index.php?rest_route=\/wp\/v2\/posts\/233079","targetHints":{"allow":["GET"]}}],"collection":[{"href":"https:\/\/archivio.cercoiltuovolto.it\/index.php?rest_route=\/wp\/v2\/posts"}],"about":[{"href":"https:\/\/archivio.cercoiltuovolto.it\/index.php?rest_route=\/wp\/v2\/types\/post"}],"author":[{"embeddable":true,"href":"https:\/\/archivio.cercoiltuovolto.it\/index.php?rest_route=\/wp\/v2\/users\/3"}],"replies":[{"embeddable":true,"href":"https:\/\/archivio.cercoiltuovolto.it\/index.php?rest_route=%2Fwp%2Fv2%2Fcomments&post=233079"}],"version-history":[{"count":0,"href":"https:\/\/archivio.cercoiltuovolto.it\/index.php?rest_route=\/wp\/v2\/posts\/233079\/revisions"}],"wp:attachment":[{"href":"https:\/\/archivio.cercoiltuovolto.it\/index.php?rest_route=%2Fwp%2Fv2%2Fmedia&parent=233079"}],"wp:term":[{"taxonomy":"category","embeddable":true,"href":"https:\/\/archivio.cercoiltuovolto.it\/index.php?rest_route=%2Fwp%2Fv2%2Fcategories&post=233079"},{"taxonomy":"post_tag","embeddable":true,"href":"https:\/\/archivio.cercoiltuovolto.it\/index.php?rest_route=%2Fwp%2Fv2%2Ftags&post=233079"}],"curies":[{"name":"wp","href":"https:\/\/api.w.org\/{rel}","templated":true}]}}