{"id":233067,"date":"2011-12-03T11:14:28","date_gmt":"2011-12-03T11:14:28","guid":{"rendered":"https:\/\/archivio.cercoiltuovolto.it\/?p=233067"},"modified":"2011-12-03T11:14:28","modified_gmt":"2011-12-03T11:14:28","slug":"commento-al-vangelo-di-domenica-4-dicembre-2011-padre-bruno-secondin","status":"publish","type":"post","link":"https:\/\/archivio.cercoiltuovolto.it\/?p=233067","title":{"rendered":"Commento al Vangelo di domenica 4 dicembre 2011 &#8211; padre Bruno Secondin"},"content":{"rendered":"<p style=\"text-align: center;\"><img loading=\"lazy\" decoding=\"async\" class=\"aligncenter size-full wp-image-14846\" title=\"padre carmelitano Bruno Secondin\" src=\"http:\/\/www.cercoiltuovolto.it\/wp\/wp-content\/uploads\/2010\/11\/secondin.png\" alt=\"\" width=\"412\" height=\"132\" \/><\/p>\n<p style=\"text-align: justify;\">In questa seconda Domenica di Avvento la Liturgia ci propone l\u2019inizio del Vangelo secondo Marco in cui Giovanni proclama, nel deserto, un battesimo di conversione per il perdono dei peccati, secondo la profezia di Isaia:<\/p>\n<blockquote><p>\u00abEcco, dinanzi a te io mando il mio messaggero: egli preparer\u00e0 la tua via. Voce di uno che grida nel deserto: Preparate la via del Signore, raddrizzate i suoi sentieri\u00bb.<\/p><\/blockquote>\n<p>Su questo brano del Vangelo, ascoltiamo il commento del carmelitano, padre Bruno Secondin, docente di Teologia spirituale alla Pontificia Universit\u00e0 Gregoriana:<\/p>\n<blockquote>\n<p style=\"text-align: justify;\">Due temi fondamentali intrecciati fra loro nell\u2019incipit del Vangelo di Marco. Il primo versetto fa da titolo di tutto il testo del Vangelo, ma anche imposta il contenuto sotto un profilo specifico: tutto quello che \u00e8 scritto \u00e8 inizio del Vangelo. Parole e gesti, passione e risurrezione, tutto \u00e8 \u201cbuona novella\u201d che viene seminata, \u00e8 storia umana di Ges\u00f9 che si fa bella notizia, \u00e8 avventura di trasformazione ancora aperta e feconda. Per prima cosa allora capire che non ci troviamo solo davanti all\u2019apertura di un libro, ma all\u2019affermazione di una presenza trasformante (vangelo appunto) che tutto agita. La seconda cosa che appare evidente: la corrente vitale della buona novella recupera antiche immagini e d\u00e0 loro senso pieno e nuovo. Cos\u00ec \u00e8 per la famosa frase di Isaia sulla voce che grida nel deserto: non ha cessato di interpellare, e non ha cessato di prendere concretezza nei messaggeri che la servono. E il messaggero per antonomasia ora \u00e8 Giovanni il Battezzatore, che si \u00e8 auto-emarginato nel deserto. Eppure anche da l\u00e0 sa scuotere la citt\u00e0 e smuovere le coscienze con parole rudi e severe. Uomo di austera vita che sa segnalare a tutti la novit\u00e0 imminente, ed esige conversione. Ma bisogna riconoscere le colpe e implorare un rinnovamento radicale: col fuoco dello Spirito bisogna essere battezzati per vivere in novit\u00e0.<\/p>\n<\/blockquote>\n<p class=\"link\" style=\"text-align: justify;\">Fonte: <a href=\"http:\/\/www.radiovaticana.org\/IT1\/articolo.asp?c=543109\" target=\"_blank\">RadioVaticana<\/a><\/p>\n<div class=\"powerpressbox\">[powerpress]<\/div>\n","protected":false},"excerpt":{"rendered":"<p>In questa seconda Domenica di Avvento la Liturgia ci propone l\u2019inizio del Vangelo secondo Marco in cui Giovanni proclama, nel deserto, un battesimo di conversione per il perdono dei peccati, secondo la profezia di Isaia: \u00abEcco, dinanzi a te io mando il mio messaggero: egli preparer\u00e0 la tua via. Voce di uno che grida nel&#8230;<\/p>\n","protected":false},"author":3,"featured_media":0,"comment_status":"closed","ping_status":"closed","sticky":false,"template":"","format":"standard","meta":{"_kad_post_transparent":"","_kad_post_title":"","_kad_post_layout":"","_kad_post_sidebar_id":"","_kad_post_content_style":"","_kad_post_vertical_padding":"","_kad_post_feature":"","_kad_post_feature_position":"","_kad_post_header":false,"_kad_post_footer":false,"_kad_post_classname":"","footnotes":""},"categories":[101,112],"tags":[5,27,172],"class_list":["post-233067","post","type-post","status-publish","format-standard","hentry","category-101","category-avvento","tag-commento-al-vangelo","tag-radio-vaticana","tag-vangelo-della-domenica"],"_links":{"self":[{"href":"https:\/\/archivio.cercoiltuovolto.it\/index.php?rest_route=\/wp\/v2\/posts\/233067","targetHints":{"allow":["GET"]}}],"collection":[{"href":"https:\/\/archivio.cercoiltuovolto.it\/index.php?rest_route=\/wp\/v2\/posts"}],"about":[{"href":"https:\/\/archivio.cercoiltuovolto.it\/index.php?rest_route=\/wp\/v2\/types\/post"}],"author":[{"embeddable":true,"href":"https:\/\/archivio.cercoiltuovolto.it\/index.php?rest_route=\/wp\/v2\/users\/3"}],"replies":[{"embeddable":true,"href":"https:\/\/archivio.cercoiltuovolto.it\/index.php?rest_route=%2Fwp%2Fv2%2Fcomments&post=233067"}],"version-history":[{"count":0,"href":"https:\/\/archivio.cercoiltuovolto.it\/index.php?rest_route=\/wp\/v2\/posts\/233067\/revisions"}],"wp:attachment":[{"href":"https:\/\/archivio.cercoiltuovolto.it\/index.php?rest_route=%2Fwp%2Fv2%2Fmedia&parent=233067"}],"wp:term":[{"taxonomy":"category","embeddable":true,"href":"https:\/\/archivio.cercoiltuovolto.it\/index.php?rest_route=%2Fwp%2Fv2%2Fcategories&post=233067"},{"taxonomy":"post_tag","embeddable":true,"href":"https:\/\/archivio.cercoiltuovolto.it\/index.php?rest_route=%2Fwp%2Fv2%2Ftags&post=233067"}],"curies":[{"name":"wp","href":"https:\/\/api.w.org\/{rel}","templated":true}]}}