{"id":233061,"date":"2011-12-03T00:51:45","date_gmt":"2011-12-03T00:51:45","guid":{"rendered":"https:\/\/archivio.cercoiltuovolto.it\/?p=233061"},"modified":"2011-12-03T00:51:45","modified_gmt":"2011-12-03T00:51:45","slug":"udienza-generale-del-santo-padre-mp3-30-novembre-2011","status":"publish","type":"post","link":"https:\/\/archivio.cercoiltuovolto.it\/?p=233061","title":{"rendered":"&#8220;Udienza Generale&#8221; del Santo Padre in mp3 &#8211; 30 novembre 2011"},"content":{"rendered":"<p style=\"text-align: center;\"><a href=\"http:\/\/www.cercoiltuovolto.it\/wp-content\/uploads\/2011\/01\/udienza.jpg\"><img loading=\"lazy\" decoding=\"async\" class=\"aligncenter size-full wp-image-16441\" title=\"udienza\" src=\"http:\/\/www.cercoiltuovolto.it\/wp-content\/uploads\/2011\/01\/udienza.jpg\" alt=\"\" width=\"476\" height=\"132\" \/><\/a><\/p>\n<blockquote>\n<p><em><strong>La preghiera attraversa tutta la vita di Ges\u00f9<\/strong><\/em><\/p>\n<p><em>Cari fratelli e sorelle,<\/em><\/p>\n<p>nelle ultime catechesi abbiamo riflettuto su alcuni esempi di preghiera nell\u2019Antico Testamento, oggi vorrei iniziare a guardare a Ges\u00f9, alla sua preghiera, che attraversa tutta la sua vita, come un canale segreto che irriga l\u2019esistenza, le relazioni, i gesti e che lo guida, con progressiva fermezza, al dono totale di s\u00e9, secondo il progetto di amore di Dio Padre. Ges\u00f9 \u00e8 il maestro anche delle nostre preghiere, anzi Egli \u00e8 il sostegno attivo e fraterno di ogni nostro rivolgerci al Padre. Davvero, come sintetizza un titolo del\u00a0<em><a href=\"http:\/\/www.vatican.va\/archive\/compendium_ccc\/documents\/archive_2005_compendium-ccc_it.html\">Compendio del Catechismo della Chiesa Cattolica<\/a><\/em>, \u00abla preghiera \u00e8 pienamente rivelata ed attuata in Ges\u00f9\u00bb (<a href=\"http:\/\/www.vatican.va\/archive\/compendium_ccc\/documents\/archive_2005_compendium-ccc_it.html#LA%20RIVELAZIONE%20DELLA%20PREGHIERA\">541-547<\/a>). A Lui vogliamo guardare nelle prossime catechesi.<\/p>\n<p>Un momento particolarmente significativo di questo suo cammino \u00e8 la preghiera che segue il battesimo a cui si sottopone nel fiume Giordano. L&#8217;Evangelista Luca annota che Ges\u00f9, dopo aver ricevuto, insieme a tutto il popolo, il battesimo per mano di Giovanni il Battista, entra in una preghiera personalissima e prolungata: \u00abMentre tutto il popolo veniva battezzato e Ges\u00f9, ricevuto<em><\/em>anche lui il battesimo, stava in preghiera, il cielo si apr\u00ec e discese sopra di lui lo Spirito Santo\u00bb (<em>Lc<\/em>3,21-22). Proprio questo \u00abstare in preghiera\u00bb, in dialogo con il Padre illumina l&#8217;azione che ha compiuto insieme a tanti del suo popolo, accorsi alla riva del Giordano. Pregando, Egli dona a questo suo gesto, del battesimo, un tratto esclusivo e personale.<\/p>\n<ul>\n<li><a href=\"http:\/\/www.vatican.va\/holy_father\/benedict_xvi\/audiences\/2011\/documents\/hf_ben-xvi_aud_20111130_it.html\">Leggi tutto il messaggio<\/a> <em>\u00a9 Copyright 2011 &#8211; Libreria Editrice Vaticana<\/em><\/li>\n<li><a href=\"http:\/\/player.rv.va\/vaticanplayer.asp?language=it&amp;tic=VA_HSM1CMQY\" target=\"_blank\">Link al video ufficiale<\/a><\/li>\n<\/ul>\n<\/blockquote>\n<div class=\"powerpressbox\">[powerpress]<\/div>\n<p class=\"link\" style=\"text-align: justify;\"><strong>Fonte<\/strong>: Radio Vaticana via FeedRss<\/p>\n<p><span style=\"font-size: xx-small;\"><em>(The content of this podcast is copyrighted by Vatican Radio which, according to its statute, is entrusted to manage and protect the sound recordings of the Roman Pontiff, ensuring that their pastoral character and intellectual property&#8217;s rights are protected when used by third parties. The content of this podcast is made available only for personal and private use and cannot be exploited for commercial purposes, without prior written authorization by Vatican Radio. For further information, please contact the International Relation Office at relint@vatiradio.va)<\/em><\/span><\/p>\n","protected":false},"excerpt":{"rendered":"<p>La preghiera attraversa tutta la vita di Ges\u00f9 Cari fratelli e sorelle, nelle ultime catechesi abbiamo riflettuto su alcuni esempi di preghiera nell\u2019Antico Testamento, oggi vorrei iniziare a guardare a Ges\u00f9, alla sua preghiera, che attraversa tutta la sua vita, come un canale segreto che irriga l\u2019esistenza, le relazioni, i gesti e che lo guida,&#8230;<\/p>\n","protected":false},"author":3,"featured_media":0,"comment_status":"closed","ping_status":"closed","sticky":false,"template":"","format":"standard","meta":{"_kad_post_transparent":"","_kad_post_title":"","_kad_post_layout":"","_kad_post_sidebar_id":"","_kad_post_content_style":"","_kad_post_vertical_padding":"","_kad_post_feature":"","_kad_post_feature_position":"","_kad_post_header":false,"_kad_post_footer":false,"_kad_post_classname":"","footnotes":""},"categories":[101,127],"tags":[65,9],"class_list":["post-233061","post","type-post","status-publish","format-standard","hentry","category-101","category-benedetto-xvi","tag-udienza-generale","tag-vaticano"],"_links":{"self":[{"href":"https:\/\/archivio.cercoiltuovolto.it\/index.php?rest_route=\/wp\/v2\/posts\/233061","targetHints":{"allow":["GET"]}}],"collection":[{"href":"https:\/\/archivio.cercoiltuovolto.it\/index.php?rest_route=\/wp\/v2\/posts"}],"about":[{"href":"https:\/\/archivio.cercoiltuovolto.it\/index.php?rest_route=\/wp\/v2\/types\/post"}],"author":[{"embeddable":true,"href":"https:\/\/archivio.cercoiltuovolto.it\/index.php?rest_route=\/wp\/v2\/users\/3"}],"replies":[{"embeddable":true,"href":"https:\/\/archivio.cercoiltuovolto.it\/index.php?rest_route=%2Fwp%2Fv2%2Fcomments&post=233061"}],"version-history":[{"count":0,"href":"https:\/\/archivio.cercoiltuovolto.it\/index.php?rest_route=\/wp\/v2\/posts\/233061\/revisions"}],"wp:attachment":[{"href":"https:\/\/archivio.cercoiltuovolto.it\/index.php?rest_route=%2Fwp%2Fv2%2Fmedia&parent=233061"}],"wp:term":[{"taxonomy":"category","embeddable":true,"href":"https:\/\/archivio.cercoiltuovolto.it\/index.php?rest_route=%2Fwp%2Fv2%2Fcategories&post=233061"},{"taxonomy":"post_tag","embeddable":true,"href":"https:\/\/archivio.cercoiltuovolto.it\/index.php?rest_route=%2Fwp%2Fv2%2Ftags&post=233061"}],"curies":[{"name":"wp","href":"https:\/\/api.w.org\/{rel}","templated":true}]}}