{"id":233036,"date":"2011-11-27T15:06:21","date_gmt":"2011-11-27T15:06:21","guid":{"rendered":"https:\/\/archivio.cercoiltuovolto.it\/?p=233036"},"modified":"2011-11-27T15:06:21","modified_gmt":"2011-11-27T15:06:21","slug":"benedetto-xvi-angelus-del-27-novembre-2011-mp3","status":"publish","type":"post","link":"https:\/\/archivio.cercoiltuovolto.it\/?p=233036","title":{"rendered":"Benedetto XVI &#8211; Angelus del 27 novembre 2011 in mp3"},"content":{"rendered":"<blockquote>\n<p style=\"text-align: center;\">\n<p><em>Cari fratelli e sorelle!<\/em><\/p>\n<p style=\"text-align: justify;\">Oggi iniziamo con tutta la Chiesa il nuovo Anno liturgico: un nuovo cammino di fede, da vivere insieme nelle comunit\u00e0 cristiane, ma anche, come sempre, da percorrere all\u2019interno della storia del mondo, per aprirla al mistero di Dio, alla salvezza che viene dal suo amore. L\u2019Anno liturgico inizia con il Tempo di Avvento: tempo stupendo in cui si risveglia nei cuori l\u2019attesa del ritorno di Cristo e la memoria della sua prima venuta, quando si spogli\u00f2 della sua gloria divina per assumere la nostra carne mortale.<\/p>\n<p style=\"text-align: justify;\">\u201cVegliate!\u201d. Questo \u00e8 l\u2019appello di Ges\u00f9 nel Vangelo di oggi. Lo rivolge non solo ai suoi discepoli, ma a tutti: \u201cVegliate!\u201d (<em>Mt<\/em>\u00a013,37). E\u2019 un richiamo salutare a ricordarci che la vita non ha solo la dimensione terrena, ma \u00e8 proiettata verso un \u201coltre\u201d, come una pianticella che germoglia dalla terra e si apre verso il cielo. Una pianticella pensante, l\u2019uomo, dotata di libert\u00e0 e responsabilit\u00e0, per cui ognuno di noi sar\u00e0 chiamato a rendere conto di come ha vissuto, di come ha utilizzato le proprie capacit\u00e0: se le ha tenute per s\u00e9 o le ha fatte fruttare anche per il bene dei fratelli.<\/p>\n<ul>\n<li><a href=\"http:\/\/www.vatican.va\/holy_father\/benedict_xvi\/angelus\/2011\/documents\/hf_ben-xvi_ang_20111127_it.html\">Leggi tutto il messaggio<\/a> <em>\u00a9 Copyright 2011 &#8211; Libreria Editrice Vaticana<\/em><\/li>\n<li><em><a href=\"http:\/\/player.rv.va\/vaticanplayer.asp?language=it&amp;tic=VA_9PW9LPO6\">Link al video<\/a><\/em><\/li>\n<\/ul>\n<\/blockquote>\n<div class=\"powerpressbox\">[powerpress]<\/div>\n<p style=\"text-align: justify;\"><strong>Fonte<\/strong>: Radio Vaticana via FeedRss<\/p>\n<blockquote>\n<p style=\"text-align: justify;\"><span style=\"font-size: xx-small;\"><em>(The content of this podcast is copyrighted by Vatican Radio which, according to its statute, is entrusted to manage and protect the sound recordings of the Roman Pontiff, ensuring that their pastoral character and intellectual property&#8217;s rights are protected when used by third parties. The content of this podcast is made available only for personal and private use and cannot be exploited for commercial purposes, without prior written authorization by Vatican Radio. For further information, please contact the International Relation Office at relint@vatiradio.va)<\/em><\/span><\/p>\n<\/blockquote>\n","protected":false},"excerpt":{"rendered":"<p>Cari fratelli e sorelle! Oggi iniziamo con tutta la Chiesa il nuovo Anno liturgico: un nuovo cammino di fede, da vivere insieme nelle comunit\u00e0 cristiane, ma anche, come sempre, da percorrere all\u2019interno della storia del mondo, per aprirla al mistero di Dio, alla salvezza che viene dal suo amore. L\u2019Anno liturgico inizia con il Tempo&#8230;<\/p>\n","protected":false},"author":3,"featured_media":0,"comment_status":"closed","ping_status":"closed","sticky":false,"template":"","format":"standard","meta":{"_kad_post_transparent":"","_kad_post_title":"","_kad_post_layout":"","_kad_post_sidebar_id":"","_kad_post_content_style":"","_kad_post_vertical_padding":"","_kad_post_feature":"","_kad_post_feature_position":"","_kad_post_header":false,"_kad_post_footer":false,"_kad_post_classname":"","footnotes":""},"categories":[101,114],"tags":[96,73,9],"class_list":["post-233036","post","type-post","status-publish","format-standard","hentry","category-101","category-angelus","tag-avvento","tag-benedetto-xvi","tag-vaticano"],"_links":{"self":[{"href":"https:\/\/archivio.cercoiltuovolto.it\/index.php?rest_route=\/wp\/v2\/posts\/233036","targetHints":{"allow":["GET"]}}],"collection":[{"href":"https:\/\/archivio.cercoiltuovolto.it\/index.php?rest_route=\/wp\/v2\/posts"}],"about":[{"href":"https:\/\/archivio.cercoiltuovolto.it\/index.php?rest_route=\/wp\/v2\/types\/post"}],"author":[{"embeddable":true,"href":"https:\/\/archivio.cercoiltuovolto.it\/index.php?rest_route=\/wp\/v2\/users\/3"}],"replies":[{"embeddable":true,"href":"https:\/\/archivio.cercoiltuovolto.it\/index.php?rest_route=%2Fwp%2Fv2%2Fcomments&post=233036"}],"version-history":[{"count":0,"href":"https:\/\/archivio.cercoiltuovolto.it\/index.php?rest_route=\/wp\/v2\/posts\/233036\/revisions"}],"wp:attachment":[{"href":"https:\/\/archivio.cercoiltuovolto.it\/index.php?rest_route=%2Fwp%2Fv2%2Fmedia&parent=233036"}],"wp:term":[{"taxonomy":"category","embeddable":true,"href":"https:\/\/archivio.cercoiltuovolto.it\/index.php?rest_route=%2Fwp%2Fv2%2Fcategories&post=233036"},{"taxonomy":"post_tag","embeddable":true,"href":"https:\/\/archivio.cercoiltuovolto.it\/index.php?rest_route=%2Fwp%2Fv2%2Ftags&post=233036"}],"curies":[{"name":"wp","href":"https:\/\/api.w.org\/{rel}","templated":true}]}}