{"id":233016,"date":"2011-11-26T11:00:54","date_gmt":"2011-11-26T11:00:54","guid":{"rendered":"https:\/\/archivio.cercoiltuovolto.it\/?p=233016"},"modified":"2011-11-26T11:00:54","modified_gmt":"2011-11-26T11:00:54","slug":"iniziazione-cristiana-europa-tendenze-esperienze-orientamenti","status":"publish","type":"post","link":"https:\/\/archivio.cercoiltuovolto.it\/?p=233016","title":{"rendered":"Iniziazione cristiana in Europa: tendenze, esperienze, orientamenti"},"content":{"rendered":"<p style=\"text-align: center;\"><a href=\"http:\/\/www.cercoiltuovolto.it\/wp-content\/uploads\/2011\/11\/6391332093_a86b06e8e0_z.jpg\"><img loading=\"lazy\" decoding=\"async\" class=\"aligncenter size-large wp-image-21704\" title=\"6391332093_a86b06e8e0_z\" src=\"http:\/\/www.cercoiltuovolto.it\/wp-content\/uploads\/2011\/11\/6391332093_a86b06e8e0_z-590x442.jpg\" alt=\"\" width=\"590\" height=\"442\" \/><\/a><\/p>\n<p style=\"text-align: justify;\">In Europa la situazione generale dell\u2019iniziazione cristiana \u00e8 caratterizzata da uno stato diffuso di insoddisfazione, di ripensamento e di ricerca generalizzata di nuove vie. I tentativi di rinnovamento stanno disegnando un nuovo paradigma che corre lungo tre linee principali: la restaurazione del catecumenato, la revisione del processo tradizionale di iniziazione cristiana e le esperienze di \u201creiniziazione\u201d per coloro che \u201critornano\u201d o \u201cricominciano\u201d a credere.\u00a0\u00a0Cos\u00ec ha ritratto la situazione il\u00a0<strong>prof. Emilio Alberich<\/strong>, per 41 anni docente di catechetica alla Pontificia universit\u00e0 salesiana, intervenendo mercoled\u00ec 23 novembre 2011 a Padova, alla Facolt\u00e0 teologica del Triveneto, alla giornata di studio\u00a0<em>Iniziazione cristiana: la comunit\u00e0 educa alla fede. Uno sguardo alla situazione europea<\/em>\u00a0promossa dal biennio di specializzazione in teologia pastorale.<\/p>\n<p style=\"text-align: justify;\">Fondando l\u2019analisi sui documenti che in Europa affrontano il tema della nuova evangelizzazione, il prof. Alberich ha innanzitutto evidenziato che \u00absiamo di fronte a una riaffermazione molto chiara e urgente della necessit\u00e0 di optare chiaramente, nella pastorale della chiesa, per l\u2019evangelizzazione. La scelta evangelizzatrice si traduce innanzitutto in un modo nuovo di intendere la missione pastorale della chiesa nel mondo d\u2019oggi, in quest\u2019epoca di grande cambiamento e di profonda crisi che porta a parlare di \u201cimmaturit\u00e0 della maturit\u00e0 adulta\u201d, di \u201ccrollo della trasmissione religiosa\u201d e di \u201cfine del periodo di cristianit\u00e0\u201d; in un contesto in cui la prima comunione viene a essere molto spesso \u201cl\u2019ultima comunione\u201d e la confermazione viene chiamata significativamente \u201cil sacramento dell\u2019addio\u201d\u00bb.<\/p>\n<h3 style=\"text-align: center;\"><a href=\"http:\/\/www.fttr.it\/pls\/fttr\/V3_S2EW_CONSULTAZIONE.mostra_pagina?id_pagina=1119\">Continua a leggere l&#8217;articolo di\u00a0<strong>Paola Zampieri<\/strong> sul sito della Facolt\u00e0 Teologica del Triveneto<\/a><\/h3>\n<p style=\"text-align: justify;\">\u00a0<\/p>\n","protected":false},"excerpt":{"rendered":"<p>In Europa la situazione generale dell\u2019iniziazione cristiana \u00e8 caratterizzata da uno stato diffuso di insoddisfazione, di ripensamento e di ricerca generalizzata di nuove vie. I tentativi di rinnovamento stanno disegnando un nuovo paradigma che corre lungo tre linee principali: la restaurazione del catecumenato, la revisione del processo tradizionale di iniziazione cristiana e le esperienze di&#8230;<\/p>\n","protected":false},"author":3,"featured_media":0,"comment_status":"closed","ping_status":"closed","sticky":false,"template":"","format":"standard","meta":{"_kad_post_transparent":"","_kad_post_title":"","_kad_post_layout":"","_kad_post_sidebar_id":"","_kad_post_content_style":"","_kad_post_vertical_padding":"","_kad_post_feature":"","_kad_post_feature_position":"","_kad_post_header":false,"_kad_post_footer":false,"_kad_post_classname":"","footnotes":""},"categories":[101,122],"tags":[62,117,583],"class_list":["post-233016","post","type-post","status-publish","format-standard","hentry","category-101","category-conferenze","tag-diocesi","tag-incontri","tag-iniziazione-cristiana"],"_links":{"self":[{"href":"https:\/\/archivio.cercoiltuovolto.it\/index.php?rest_route=\/wp\/v2\/posts\/233016","targetHints":{"allow":["GET"]}}],"collection":[{"href":"https:\/\/archivio.cercoiltuovolto.it\/index.php?rest_route=\/wp\/v2\/posts"}],"about":[{"href":"https:\/\/archivio.cercoiltuovolto.it\/index.php?rest_route=\/wp\/v2\/types\/post"}],"author":[{"embeddable":true,"href":"https:\/\/archivio.cercoiltuovolto.it\/index.php?rest_route=\/wp\/v2\/users\/3"}],"replies":[{"embeddable":true,"href":"https:\/\/archivio.cercoiltuovolto.it\/index.php?rest_route=%2Fwp%2Fv2%2Fcomments&post=233016"}],"version-history":[{"count":0,"href":"https:\/\/archivio.cercoiltuovolto.it\/index.php?rest_route=\/wp\/v2\/posts\/233016\/revisions"}],"wp:attachment":[{"href":"https:\/\/archivio.cercoiltuovolto.it\/index.php?rest_route=%2Fwp%2Fv2%2Fmedia&parent=233016"}],"wp:term":[{"taxonomy":"category","embeddable":true,"href":"https:\/\/archivio.cercoiltuovolto.it\/index.php?rest_route=%2Fwp%2Fv2%2Fcategories&post=233016"},{"taxonomy":"post_tag","embeddable":true,"href":"https:\/\/archivio.cercoiltuovolto.it\/index.php?rest_route=%2Fwp%2Fv2%2Ftags&post=233016"}],"curies":[{"name":"wp","href":"https:\/\/api.w.org\/{rel}","templated":true}]}}