{"id":233002,"date":"2011-11-24T06:00:12","date_gmt":"2011-11-24T06:00:12","guid":{"rendered":"https:\/\/archivio.cercoiltuovolto.it\/?p=233002"},"modified":"2011-11-24T06:00:12","modified_gmt":"2011-11-24T06:00:12","slug":"commento-al-vangelo-del-27-novembre-2011-don-mauro-pozzi","status":"publish","type":"post","link":"https:\/\/archivio.cercoiltuovolto.it\/?p=233002","title":{"rendered":"Commento al Vangelo del 27 novembre 2011 &#8211; don Mauro Pozzi"},"content":{"rendered":"<p style=\"text-align: justify;\">Il commento al Vangelo della domenica a cura di don Mauro Pozzi parroco della Parrocchia S. Giovanni Battista, Novara.<\/p>\n<blockquote>\n<p>ATTESA<\/p>\n<p style=\"text-align: justify;\">Vegliate: ci raccomanda Ges\u00f9 nel vangelo. Inizia l\u2019Avvento il tempo dell\u2019attesa. L\u2019altra sera sono passato vicino a un campo seminato a grano. Si cominciano a vedere le piantine come steli d\u2019erba. Quei germogli resteranno cos\u00ec tutto l\u2019inverno, magari sotto la neve, aspettando la primavera, il momento di cominciare a crescere per produrre la spiga. Un\u2019attesa fatta di silenzio e di lunghe notti buie e fredde, ma anche fatta di speranza. \u00c8 la stessa speranza del contadino, che riposa insieme alla sua terra, immaginando il sole e campi d\u2019oro accarezzati dal vento. \u00c8 questa un\u2019attesa che scalda il cuore, che produce pazienza e la pazienza speranza, come dice San Paolo ai Romani (5, 3). Oggi forse abbiamo dimenticato il valore dell\u2019attesa. Il mondo ci suggerisce di non aspettare mai, di soddisfare subito tutti i desideri, ma questo paradossalmente ci proietta nel futuro, quasi che l\u2019attendere sia tempo perso. Invece vivere il presente \u00e8 rivestire l\u2019attesa di speranza, come fa la futura mamma che sente la vita muoversi dentro di lei e sogna di suo figlio, vivendo ogni istante che prepara il suo arrivo. Noi abbiamo nel cuore la nostalgia di un mondo che non conosciamo, ma che desideriamo, un mondo di pace e di gioia, senza dolore, morte e fatica. \u00c8 la Gerusalemme nuova, il Regno realizzato dal ritorno di Ges\u00f9 alla fine dei tempi. <\/p>\n<div style=\"float: left;\"><!--adsense--><\/div>\n<p>E mentre facciamo la penosa esperienza dei nostri limiti, il cuore \u00e8 proteso verso questo futuro eterno, che si esprime nell\u2019invocazione che chiude il libro dell\u2019Apocalisse: mar\u00e0n ath\u00e0 \u2013 Vieni Signore Ges\u00f9. \u00c8 questa la nostra attesa: vieni, Ti aspettiamo. Ecco il senso di queste settimane di preparazione al Natale, che ci ricordano la grande attesa della nostra vita, la meta verso cui ci fanno guardare la fede e la speranza. Per cui coltiviamo nel cuore questo desiderio di Dio, questa nostalgia della pace promessa agli uomini di buona volont\u00e0. Insegnamolo ai nostri bambini. \u00c8 un modo per farlo noi stessi. Alla sera diciamo una preghiera per esprimere questa attesa. Viene Ges\u00f9, piccolo e indifeso a chiedere il nostro amore. Anche lui aspetta. Simone Weil dice una cosa meravigliosa su questa attesa di Dio: il tempo \u00e8 l\u2019attesa di Dio che mendica il nostro amore. Quindi non siamo solo noi ad attendere Lui, ma \u00e8 Lui stesso che aspetta pazientemente la nostra conversione. Per cui non deludiamo la speranza dell\u2019Infinito, ma sfruttiamo bene questo tempo per rinnovare il desiderio del suo Natale.<\/p>\n<\/blockquote>\n<p><a href=\"http:\/\/www.youtube.com\/watch?v=Dn7LlNd_KxE\">Link al video<\/a><\/p>\n<p>Mc 13, 33-37<\/p>\n<p style=\"text-align: justify;\">In quel tempo, Ges\u00f9 disse ai suoi discepoli: \u00abFate attenzione, vegliate, perch\u00e9 non sapete quando \u00e8 il momento. \u00c8 come un uomo, che \u00e8 partito dopo aver lasciato la propria casa e dato il potere ai suoi servi, a ciascuno il suo compito, e ha ordinato al portiere di vegliare. Vegliate dunque: voi non sapete quando il padrone di casa ritorner\u00e0, se alla sera o a mezzanotte o al canto del gallo o al mattino; fate in modo che, giungendo all\u2019improv-viso, non vi trovi addormentati. Quello che dico a voi, lo dico a tutti: vegliate!\u00bb.<\/p>\n","protected":false},"excerpt":{"rendered":"<p>Il commento al Vangelo della domenica a cura di don Mauro Pozzi parroco della Parrocchia S. Giovanni Battista, Novara.<\/p>\n","protected":false},"author":3,"featured_media":0,"comment_status":"closed","ping_status":"closed","sticky":false,"template":"","format":"standard","meta":{"_kad_post_transparent":"","_kad_post_title":"","_kad_post_layout":"","_kad_post_sidebar_id":"","_kad_post_content_style":"","_kad_post_vertical_padding":"","_kad_post_feature":"","_kad_post_feature_position":"","_kad_post_header":false,"_kad_post_footer":false,"_kad_post_classname":"","footnotes":""},"categories":[101,112],"tags":[5,388,172],"class_list":["post-233002","post","type-post","status-publish","format-standard","hentry","category-101","category-avvento","tag-commento-al-vangelo","tag-don-mauro-pozzi","tag-vangelo-della-domenica"],"_links":{"self":[{"href":"https:\/\/archivio.cercoiltuovolto.it\/index.php?rest_route=\/wp\/v2\/posts\/233002","targetHints":{"allow":["GET"]}}],"collection":[{"href":"https:\/\/archivio.cercoiltuovolto.it\/index.php?rest_route=\/wp\/v2\/posts"}],"about":[{"href":"https:\/\/archivio.cercoiltuovolto.it\/index.php?rest_route=\/wp\/v2\/types\/post"}],"author":[{"embeddable":true,"href":"https:\/\/archivio.cercoiltuovolto.it\/index.php?rest_route=\/wp\/v2\/users\/3"}],"replies":[{"embeddable":true,"href":"https:\/\/archivio.cercoiltuovolto.it\/index.php?rest_route=%2Fwp%2Fv2%2Fcomments&post=233002"}],"version-history":[{"count":0,"href":"https:\/\/archivio.cercoiltuovolto.it\/index.php?rest_route=\/wp\/v2\/posts\/233002\/revisions"}],"wp:attachment":[{"href":"https:\/\/archivio.cercoiltuovolto.it\/index.php?rest_route=%2Fwp%2Fv2%2Fmedia&parent=233002"}],"wp:term":[{"taxonomy":"category","embeddable":true,"href":"https:\/\/archivio.cercoiltuovolto.it\/index.php?rest_route=%2Fwp%2Fv2%2Fcategories&post=233002"},{"taxonomy":"post_tag","embeddable":true,"href":"https:\/\/archivio.cercoiltuovolto.it\/index.php?rest_route=%2Fwp%2Fv2%2Ftags&post=233002"}],"curies":[{"name":"wp","href":"https:\/\/api.w.org\/{rel}","templated":true}]}}