{"id":232999,"date":"2011-11-23T09:33:30","date_gmt":"2011-11-23T09:33:30","guid":{"rendered":"https:\/\/archivio.cercoiltuovolto.it\/?p=232999"},"modified":"2011-11-23T09:33:30","modified_gmt":"2011-11-23T09:33:30","slug":"chiesa-universita-collaborino-una-verita-condivisa","status":"publish","type":"post","link":"https:\/\/archivio.cercoiltuovolto.it\/?p=232999","title":{"rendered":"Chiesa e Universit\u00e0 collaborino per una verit\u00e0 condivisa"},"content":{"rendered":"<h3 style=\"text-align: justify;\">L\u2019intervento del cardinale Scola alla cerimonia di inaugurazione del 149\u00b0 anno accademico del Politecnico di Milano, nell\u2019aula magna del campus della Bovisa<\/h3>\n<p style=\"text-align: justify;\">Da uomo di fede e da Arcivescovo di Milano &#8211; che nelle aule del Politecnico ha studiato per due anni prima di dedicarsi alla filosofia &#8211; esprime l\u2019auspicio convinto che Chiesa e Universit\u00e0 \u00abpossano e debbano collaborare perch\u00e9 la verit\u00e0 torni a essere scientifica e la razionalit\u00e0 umana possa godere di tutta l\u2019ampiezza e il respiro di cui ha bisogno e diritto per potersi esercitare in pienezza\u00bb. Cos\u00ec il cardinale Angelo Scola ha concluso il suo intervento alla cerimonia di inaugurazione del 149\u00b0 anno accademico del Politecnico di Milano, svoltasi stamane nell\u2019aula magna del campus della Bovisa. In un periodo storico insieme \u00abdelicato e promettente, perch\u00e9 stimola a compiere scelte che vanno alla radice della vicenda umana\u00bb &#8211; ricordando Giovanni Paolo II che nella Fides et ratio parlava della sfida di passare \u00abdal fenomeno al fondamento\u00bb -, l\u2019Arcivescovo sottolinea la necessit\u00e0 di riconoscere alcuni \u00abprincipi oggettivi, cio\u00e8 uguali per tutti\u00bb, a prescindere dalle ideologie. In questo il pensiero tecnico-scientifico, in virt\u00f9 della sua forma mentis pi\u00f9 orientata al realismo, pu\u00f2 essere favorito rispetto a quello filosfico-umanistico. A patto, per\u00f2, di \u00abnon cedere a deliri di onnipotenza\u00bb, che portano alla \u00abrivalsa\u00bb della realt\u00e0 contro l&#8217;uomo, \u00abgenerando conseguenze anche disastrose\u00bb. \u00abLe grandi sfide culturali della tecnopolitica, della biopolitica, della neuropolitica &#8211; scandisce l\u2019Arcivescovo &#8211; si giocano tutte a questo livello\u00bb. E continua: \u00abSempre, alla fine, una antropologia, mediata da un&#8217;etica, \u00e8 implicata in ogni atto scientifico e tecnologico\u00bb. Il Cardinale ripropone un concetto che gli \u00e8 caro, il bivio a cui si trova di fronte l\u2019uomo del terzo millennio: \u00abEssere un esperimento di se stesso, oppure rinnovare la fiducia di porsi in relazione con gli altri\u00bb. Si chiede se \u00abnon siano stati persi di vista alcuni \u201cfondamentali\u201d che regolano il buon \u201cfunzionamento\u201d della vita dell&#8217;uomo&#8230; Essa si realizza quotidianamente attraverso le dimensioni del conoscere e dell&#8217;agire, costitutive di un io che \u00e8 sempre in relazione con gli altri e con Dio\u00bb. \u00abOnest\u00e0 intellettuale\u00bb porta al riconoscimento obbligato \u00abdell\u2019esistenza e della conoscibilit\u00e0 di alcune verit\u00e0 comuni a tutti e di alcuni principi dell\u2019etica e del diritto\u00bb. \u00abRicostruire un sapere e una cultura che rendano scienza e sapienza questi fondamenti\u00bb \u00e8 un compito prioritario dell\u2019Universit\u00e0. D\u2019altra parte Scola cita Benedetto XVI (\u00abla fede come risanamento alla ragione\u00bb) per sottolineare come il magistero della Chiesa sia custode di questi principi \u00abanche per chi non crede\u00bb e chiude con la fiducia gi\u00e0 ricordata nella collaborazione tra Chiesa e mondo accademico alla ricerca di una verit\u00e0 condivisa.<\/p>\n<p><iframe loading=\"lazy\" src=\"http:\/\/blip.tv\/play\/gv17gt%2B5YQI.html\" frameborder=\"0\" width=\"550\" height=\"485\"><\/iframe><\/p>\n","protected":false},"excerpt":{"rendered":"<p>L\u2019intervento del cardinale Scola alla cerimonia di inaugurazione del 149\u00b0 anno accademico del Politecnico di Milano, nell\u2019aula magna del campus della Bovisa Da uomo di fede e da Arcivescovo di Milano &#8211; che nelle aule del Politecnico ha studiato per due anni prima di dedicarsi alla filosofia &#8211; esprime l\u2019auspicio convinto che Chiesa e Universit\u00e0&#8230;<\/p>\n","protected":false},"author":3,"featured_media":0,"comment_status":"closed","ping_status":"closed","sticky":false,"template":"","format":"standard","meta":{"_kad_post_transparent":"","_kad_post_title":"","_kad_post_layout":"","_kad_post_sidebar_id":"","_kad_post_content_style":"","_kad_post_vertical_padding":"","_kad_post_feature":"","_kad_post_feature_position":"","_kad_post_header":false,"_kad_post_footer":false,"_kad_post_classname":"","footnotes":""},"categories":[101,580],"tags":[581,113],"class_list":["post-232999","post","type-post","status-publish","format-standard","hentry","category-101","category-scuola","tag-universita","tag-video"],"_links":{"self":[{"href":"https:\/\/archivio.cercoiltuovolto.it\/index.php?rest_route=\/wp\/v2\/posts\/232999","targetHints":{"allow":["GET"]}}],"collection":[{"href":"https:\/\/archivio.cercoiltuovolto.it\/index.php?rest_route=\/wp\/v2\/posts"}],"about":[{"href":"https:\/\/archivio.cercoiltuovolto.it\/index.php?rest_route=\/wp\/v2\/types\/post"}],"author":[{"embeddable":true,"href":"https:\/\/archivio.cercoiltuovolto.it\/index.php?rest_route=\/wp\/v2\/users\/3"}],"replies":[{"embeddable":true,"href":"https:\/\/archivio.cercoiltuovolto.it\/index.php?rest_route=%2Fwp%2Fv2%2Fcomments&post=232999"}],"version-history":[{"count":0,"href":"https:\/\/archivio.cercoiltuovolto.it\/index.php?rest_route=\/wp\/v2\/posts\/232999\/revisions"}],"wp:attachment":[{"href":"https:\/\/archivio.cercoiltuovolto.it\/index.php?rest_route=%2Fwp%2Fv2%2Fmedia&parent=232999"}],"wp:term":[{"taxonomy":"category","embeddable":true,"href":"https:\/\/archivio.cercoiltuovolto.it\/index.php?rest_route=%2Fwp%2Fv2%2Fcategories&post=232999"},{"taxonomy":"post_tag","embeddable":true,"href":"https:\/\/archivio.cercoiltuovolto.it\/index.php?rest_route=%2Fwp%2Fv2%2Ftags&post=232999"}],"curies":[{"name":"wp","href":"https:\/\/api.w.org\/{rel}","templated":true}]}}