{"id":232983,"date":"2011-11-19T10:05:06","date_gmt":"2011-11-19T10:05:06","guid":{"rendered":"https:\/\/archivio.cercoiltuovolto.it\/?p=232983"},"modified":"2011-11-19T10:05:06","modified_gmt":"2011-11-19T10:05:06","slug":"uomini-profeti-leggere-la-bibbia-profeti-michea-naum","status":"publish","type":"post","link":"https:\/\/archivio.cercoiltuovolto.it\/?p=232983","title":{"rendered":"Uomini e Profeti: Leggere la Bibbia \u2013 Profeti Michea e Naum"},"content":{"rendered":"<p style=\"text-align: center;\"><a href=\"http:\/\/www.cercoiltuovolto.it\/wp-content\/uploads\/2011\/11\/Duomo-4-Profeta-Michea.jpg\"><img loading=\"lazy\" decoding=\"async\" class=\"aligncenter size-full wp-image-21499\" title=\"Duomo 4 - Profeta Michea\" src=\"http:\/\/www.cercoiltuovolto.it\/wp-content\/uploads\/2011\/11\/Duomo-4-Profeta-Michea.jpg\" alt=\"\" width=\"485\" height=\"344\" \/><\/a><\/p>\n<p><strong><em><strong>Profeti Michea e Naum \u00a0<\/strong><\/em>&#8211; con don Luca Mazzinghi<\/strong><\/p>\n<p><em>domenica 13 novembre 2011<\/em><\/p>\n<p style=\"text-align: justify;\">Continuiamo con la lettura dei Profeti \u201cscrittori\u201d vissuti prima dell\u2019invasione assira e prima del grande esilio a Babilonia. Oggi affronteremo due profeti \u201cminori\u201d per l\u2019esiguit\u00e0 dei loro scritti, ma possenti quanto a visionariet\u00e0 e vigore morale e escatologico: Michea, che venendo dalla provincia vede tutti i mali delle metropoli e invoca: \u201cUomo, ti \u00e8 stato insegnato ci\u00f2 che \u00e8 buono e ci\u00f2 che richiede il Signore da te: praticare la giustizia, amare la piet\u00e0, camminare umilmente con il tuo Dio\u201d (6, 8). E Naum, il profeta dalla grande forza poetica: \u201cDov\u2019\u00e8 la tana dei leoni, la caverna dei leoncelli? Il leone rapiva per i suoi piccoli, sbranava per le sue leonesse, riempiva i suoi covi di preda, le sue tane di rapine..\u201d (2,12-13).<\/p>\n<p style=\"text-align: justify;\">A coglierne le chiavi interpretative,<strong>\u00a0Luca Mazzinghi<\/strong>.<\/p>\n<div class=\"powerpressbox\" style=\"text-align: justify;\">[powerpress]<\/div>\n<p class=\"link\" style=\"text-align: justify;\">Fonte: <a href=\"http:\/\/www.radio3.rai.it\/dl\/radio3\/programmi\/puntata\/ContentItem-a0acd8dc-c7b8-45bd-a7f5-d57897850f61.html\">Radio Rai 3 &#8211; file real media<\/a><\/p>\n<p class=\"ascolta\" style=\"text-align: justify;\"><a href=\"http:\/\/cid-7e678cf4a2bd73de.office.live.com\/browse.aspx\/.Public\/Radio%20Rai\/Lettura%20della%20Bibbia%202010%20-%20Uomini%20e%20Profeti%20-%20Radio%20Rai%203\" target=\"_blank\">Mirror per il file mp3<\/a> (in caso di mancato funzionamento del podcast RAI)<\/p>\n<p class=\"ascolta\" style=\"text-align: justify;\"><a href=\"http:\/\/itunes.apple.com\/it\/podcast\/rai-podcast-radio3\/id138738803\">Link al podcast su iTunes<\/a><\/p>\n","protected":false},"excerpt":{"rendered":"<p>Profeti Michea e Naum \u00a0&#8211; con don Luca Mazzinghi domenica 13 novembre 2011 Continuiamo con la lettura dei Profeti \u201cscrittori\u201d vissuti prima dell\u2019invasione assira e prima del grande esilio a Babilonia. Oggi affronteremo due profeti \u201cminori\u201d per l\u2019esiguit\u00e0 dei loro scritti, ma possenti quanto a visionariet\u00e0 e vigore morale e escatologico: Michea, che venendo dalla&#8230;<\/p>\n","protected":false},"author":3,"featured_media":0,"comment_status":"closed","ping_status":"closed","sticky":false,"template":"","format":"standard","meta":{"_kad_post_transparent":"","_kad_post_title":"","_kad_post_layout":"","_kad_post_sidebar_id":"","_kad_post_content_style":"","_kad_post_vertical_padding":"","_kad_post_feature":"","_kad_post_feature_position":"","_kad_post_header":false,"_kad_post_footer":false,"_kad_post_classname":"","footnotes":""},"categories":[101,4],"tags":[23,575,576],"class_list":["post-232983","post","type-post","status-publish","format-standard","hentry","category-101","category-audio-cattolici","tag-bibbia","tag-michea","tag-naum"],"_links":{"self":[{"href":"https:\/\/archivio.cercoiltuovolto.it\/index.php?rest_route=\/wp\/v2\/posts\/232983","targetHints":{"allow":["GET"]}}],"collection":[{"href":"https:\/\/archivio.cercoiltuovolto.it\/index.php?rest_route=\/wp\/v2\/posts"}],"about":[{"href":"https:\/\/archivio.cercoiltuovolto.it\/index.php?rest_route=\/wp\/v2\/types\/post"}],"author":[{"embeddable":true,"href":"https:\/\/archivio.cercoiltuovolto.it\/index.php?rest_route=\/wp\/v2\/users\/3"}],"replies":[{"embeddable":true,"href":"https:\/\/archivio.cercoiltuovolto.it\/index.php?rest_route=%2Fwp%2Fv2%2Fcomments&post=232983"}],"version-history":[{"count":0,"href":"https:\/\/archivio.cercoiltuovolto.it\/index.php?rest_route=\/wp\/v2\/posts\/232983\/revisions"}],"wp:attachment":[{"href":"https:\/\/archivio.cercoiltuovolto.it\/index.php?rest_route=%2Fwp%2Fv2%2Fmedia&parent=232983"}],"wp:term":[{"taxonomy":"category","embeddable":true,"href":"https:\/\/archivio.cercoiltuovolto.it\/index.php?rest_route=%2Fwp%2Fv2%2Fcategories&post=232983"},{"taxonomy":"post_tag","embeddable":true,"href":"https:\/\/archivio.cercoiltuovolto.it\/index.php?rest_route=%2Fwp%2Fv2%2Ftags&post=232983"}],"curies":[{"name":"wp","href":"https:\/\/api.w.org\/{rel}","templated":true}]}}