{"id":232966,"date":"2011-11-16T19:28:41","date_gmt":"2011-11-16T19:28:41","guid":{"rendered":"https:\/\/archivio.cercoiltuovolto.it\/?p=232966"},"modified":"2011-11-16T19:28:41","modified_gmt":"2011-11-16T19:28:41","slug":"commento-al-vangelo-del-20-novembre-2011-don-fabio-rosini","status":"publish","type":"post","link":"https:\/\/archivio.cercoiltuovolto.it\/?p=232966","title":{"rendered":"Commento al Vangelo del 20 novembre 2011 \u2013 don Fabio Rosini"},"content":{"rendered":"<p style=\"text-align: center;\">\n<p>Il biblista don Fabio Rosini commenta il Vangelo di <strong>domenica prossima <\/strong>dai microfoni di <a href=\"xxxxxxxxxxx\" target=\"_blank\">Radio Vaticana<\/a>.<\/p>\n<blockquote>\n<p><em>Mt 25, 31-46<\/em><br \/><em>Dal Vangelo secondo\u00a0Matteo<\/em><\/p>\n<p>In quel tempo, Ges\u00f9 disse ai suoi discepoli: \u201cQuando il Figlio dell\u2019uomo verr\u00e0 nella sua gloria con tutti i suoi angeli, si sieder\u00e0 sul trono della sua gloria. E saranno riunite davanti a lui tutte le genti, ed egli separer\u00e0 gli uni dagli altri, come il pastore separa le pecore dai capri, e porr\u00e0 le pecore alla sua destra e i capri alla sinistra.<br \/>Allora il re dir\u00e0 a quelli che stanno alla sua destra: Venite, benedetti del Padre mio, ricevete in eredit\u00e0 il regno preparato per voi fin dalla fondazione del mondo. Perch\u00e9 io ho avuto fame e mi avete dato da mangiare, ho avuto sete e mi avete dato da bere; ero forestiero e mi avete ospitato, nudo e mi avete vestito, malato e mi avete visitato, carcerato e siete venuti a trovarmi.<br \/>Allora i giusti gli risponderanno: Signore, quando mai ti abbiamo veduto affamato e ti abbiamo dato da mangiare, assetato e ti abbiamo dato da bere? Quando ti abbiamo visto forestiero e ti abbiamo ospitato, o nudo e ti abbiamo vestito? E quando ti abbiamo visto ammalato o in carcere e siamo venuti a visitarti?<br \/>Rispondendo, il re dir\u00e0 loro: In verit\u00e0 vi dico: ogni volta che avete fatto queste cose a uno solo di questi miei fratelli pi\u00f9 piccoli, l\u2019avete fatto a me.<br \/>Poi dir\u00e0 a quelli posti alla sua sinistra: Via, lontano da me, maledetti, nel fuoco eterno, preparato per il diavolo e per i suoi angeli. Perch\u00e9 ho avuto fame e non mi avete dato da mangiare; ho avuto sete e non mi avete dato da bere; ero forestiero e non mi avete ospitato, nudo e non mi avete vestito, malato e in carcere e non mi avete visitato.<br \/>Anch\u2019essi allora risponderanno: Signore, quando mai ti abbiamo visto affamato o assetato o forestiero o nudo o malato o in carcere e non ti abbiamo assistito? Ma egli risponder\u00e0: In verit\u00e0 vi dico: ogni volta che non avete fatto queste cose a uno di questi miei fratelli pi\u00f9 piccoli, non l\u2019avete fatto a me. E se ne andranno, questi al supplizio eterno, e i giusti alla vita eterna\u201d.<\/p>\n<p>C: Parola del Signore.<br \/>A: Lode a Te o Cristo.<\/p>\n<\/blockquote>\n<div class=\"powerpressbox\">[powerpress]<\/div>\n<p class=\"link\"><strong><a href=\"http:\/\/www.cercoiltuovolto.it\/youtube\/commenti-al-vangelo\/tutti-i-commenti-al-vangelo-di-don-fabio-rosini\/\">Tutti i commenti al Vangelo di don Fabio, sono disponibili qui<\/a><\/strong><\/p>\n","protected":false},"excerpt":{"rendered":"<p>Il biblista don Fabio Rosini commenta il Vangelo di domenica prossima dai microfoni di Radio Vaticana.<\/p>\n<p>Mt 25, 31-46<br \/>\nDal Vangelo secondo Matteo<\/p>\n","protected":false},"author":3,"featured_media":0,"comment_status":"closed","ping_status":"closed","sticky":false,"template":"","format":"standard","meta":{"_kad_post_transparent":"","_kad_post_title":"","_kad_post_layout":"","_kad_post_sidebar_id":"","_kad_post_content_style":"","_kad_post_vertical_padding":"","_kad_post_feature":"","_kad_post_feature_position":"","_kad_post_header":false,"_kad_post_footer":false,"_kad_post_classname":"","footnotes":""},"categories":[101,147],"tags":[276,27,172],"class_list":["post-232966","post","type-post","status-publish","format-standard","hentry","category-101","category-commento-al-vangelo","tag-don-fabio-rosini","tag-radio-vaticana","tag-vangelo-della-domenica"],"_links":{"self":[{"href":"https:\/\/archivio.cercoiltuovolto.it\/index.php?rest_route=\/wp\/v2\/posts\/232966","targetHints":{"allow":["GET"]}}],"collection":[{"href":"https:\/\/archivio.cercoiltuovolto.it\/index.php?rest_route=\/wp\/v2\/posts"}],"about":[{"href":"https:\/\/archivio.cercoiltuovolto.it\/index.php?rest_route=\/wp\/v2\/types\/post"}],"author":[{"embeddable":true,"href":"https:\/\/archivio.cercoiltuovolto.it\/index.php?rest_route=\/wp\/v2\/users\/3"}],"replies":[{"embeddable":true,"href":"https:\/\/archivio.cercoiltuovolto.it\/index.php?rest_route=%2Fwp%2Fv2%2Fcomments&post=232966"}],"version-history":[{"count":0,"href":"https:\/\/archivio.cercoiltuovolto.it\/index.php?rest_route=\/wp\/v2\/posts\/232966\/revisions"}],"wp:attachment":[{"href":"https:\/\/archivio.cercoiltuovolto.it\/index.php?rest_route=%2Fwp%2Fv2%2Fmedia&parent=232966"}],"wp:term":[{"taxonomy":"category","embeddable":true,"href":"https:\/\/archivio.cercoiltuovolto.it\/index.php?rest_route=%2Fwp%2Fv2%2Fcategories&post=232966"},{"taxonomy":"post_tag","embeddable":true,"href":"https:\/\/archivio.cercoiltuovolto.it\/index.php?rest_route=%2Fwp%2Fv2%2Ftags&post=232966"}],"curies":[{"name":"wp","href":"https:\/\/api.w.org\/{rel}","templated":true}]}}