{"id":232950,"date":"2011-11-13T21:26:08","date_gmt":"2011-11-13T21:26:08","guid":{"rendered":"https:\/\/archivio.cercoiltuovolto.it\/?p=232950"},"modified":"2011-11-13T21:26:08","modified_gmt":"2011-11-13T21:26:08","slug":"benedetto-xvi-angelus-del-13-novembre-2011-mp3","status":"publish","type":"post","link":"https:\/\/archivio.cercoiltuovolto.it\/?p=232950","title":{"rendered":"Benedetto XVI &#8211; Angelus del 13 novembre 2011 in mp3"},"content":{"rendered":"<blockquote>\n<p style=\"text-align: center;\">\n<p><em>Cari fratelli e sorelle!<\/em><\/p>\n<p style=\"text-align: justify;\">La Parola di Dio di questa domenica \u2013 la penultima dell\u2019anno liturgico \u2013 ci ammonisce circa la provvisoriet\u00e0 dell\u2019esistenza terrena e ci invita a viverla come un pellegrinaggio, tenendo lo sguardo rivolto alla meta, a quel Dio che ci ha creato e, poich\u00e9 ci ha fatto per s\u00e9 (cfr S. Agostino,<em>\u00a0Conf<\/em>. 1,1), \u00e8 il nostro destino ultimo e il senso del nostro vivere. Passaggio obbligato per giungere a tale realt\u00e0 definitiva \u00e8 la morte, seguita dal giudizio finale. L\u2019apostolo Paolo ricorda che \u201cil giorno del Signore verr\u00e0 come un ladro di notte\u201d (<em>1 Ts<\/em>\u00a05,2), cio\u00e8 senza preavviso. La consapevolezza del ritorno glorioso del Signore Ges\u00f9 ci sprona a vivere in un atteggiamento di vigilanza, attendendo la sua manifestazione nella costante memoria della sua prima venuta.<\/p>\n<p style=\"text-align: justify;\">Nella celebre parabola dei talenti \u2013 riportata dall\u2019evangelista Matteo (cfr 25,14-30) \u2013 Ges\u00f9 racconta di tre servi ai quali il padrone, al momento di partire per un lungo viaggio, affida le proprie sostanze. Due di loro si comportano bene, perch\u00e9 fanno fruttare del doppio i beni ricevuti. Il terzo, invece, nasconde il denaro ricevuto in una buca. Tornato a casa, il padrone chiede conto ai servitori di quanto aveva loro affidato e, mentre si compiace dei primi due, rimane deluso del terzo. Quel servo, infatti, che ha tenuto nascosto il talento senza valorizzarlo, ha fatto male i suoi conti: si \u00e8 comportato come se il suo padrone non dovesse pi\u00f9 tornare, come se non ci fosse un giorno in cui gli avrebbe chiesto conto del suo operato. Con questa parabola, Ges\u00f9 vuole insegnare ai discepoli ad usare bene i suoi doni: Dio chiama ogni uomo alla vita e gli consegna dei talenti, affidandogli nel contempo una missione da compiere. Sarebbe da stolti pensare che questi doni siano dovuti, cos\u00ec come rinunciare ad impiegarli sarebbe un venir meno allo scopo della propria esistenza. Commentando questa pagina evangelica, san Gregorio Magno nota che a nessuno il Signore fa mancare il dono della sua carit\u00e0, dell\u2019amore. Egli scrive: \u201c\u00c8 perci\u00f2 necessario, fratelli miei, che poniate ogni cura nella custodia della carit\u00e0, in ogni azione che dovete compiere\u201d (<em>Omelie sui Vangeli<\/em>\u00a09,6). E dopo aver precisato che la vera carit\u00e0 consiste nell\u2019amare tanto gli amici quanto i nemici, aggiunge: \u201cse uno manca di questa virt\u00f9, perde ogni bene che ha, \u00e8 privato del talento ricevuto e viene buttato fuori, nelle tenebre\u201d (<em>ibidem<\/em>).<\/p>\n<p style=\"text-align: justify;\">Cari fratelli, accogliamo l\u2019invito alla vigilanza, a cui pi\u00f9 volte ci richiamano le Scritture! Essa \u00e8 l\u2019atteggiamento di chi sa che il Signore ritorner\u00e0 e vorr\u00e0 vedere in noi i frutti del suo amore. La carit\u00e0 \u00e8 il bene fondamentale che nessuno pu\u00f2 mancare di mettere a frutto e senza il quale ogni altro dono \u00e8 vano (cfr\u00a0<em>1 Cor<\/em>\u00a013,3). Se Ges\u00f9 ci ha amato al punto da dare la sua vita per noi (cfr\u00a0<em>1 Gv<\/em>3,16), come potremmo non amare Dio con tutto noi stessi e amarci di vero cuore gli uni gli altri? (cfr\u00a0<em>1 Gv<\/em>\u00a04,11) Solo praticando la carit\u00e0, anche noi potremo prendere parte alla gioia del nostro Signore. La Vergine Maria ci sia maestra di operosa e gioiosa vigilanza nel cammino verso l\u2019incontro con Dio.<\/p>\n<ul>\n<li><a href=\"http:\/\/www.vatican.va\/holy_father\/benedict_xvi\/angelus\/2011\/documents\/hf_ben-xvi_ang_20111113_it.html\">Leggi tutto il messaggio<\/a> <em>\u00a9 Copyright 2011 &#8211; Libreria Editrice Vaticana<\/em><\/li>\n<li><em><a href=\"http:\/\/player.rv.va\/vaticanplayer.asp?language=it&amp;tic=VA_G8T7TU43\">Link al video<\/a><\/em><\/li>\n<\/ul>\n<\/blockquote>\n<div class=\"powerpressbox\">[powerpress]<\/div>\n<p style=\"text-align: justify;\"><strong>Fonte<\/strong>: Radio Vaticana via FeedRss<\/p>\n<blockquote>\n<p style=\"text-align: justify;\"><span style=\"font-size: xx-small;\"><em>(The content of this podcast is copyrighted by Vatican Radio which, according to its statute, is entrusted to manage and protect the sound recordings of the Roman Pontiff, ensuring that their pastoral character and intellectual property&#8217;s rights are protected when used by third parties. The content of this podcast is made available only for personal and private use and cannot be exploited for commercial purposes, without prior written authorization by Vatican Radio. For further information, please contact the International Relation Office at relint@vatiradio.va)<\/em><\/span><\/p>\n<\/blockquote>\n","protected":false},"excerpt":{"rendered":"<p>Cari fratelli e sorelle! La Parola di Dio di questa domenica \u2013 la penultima dell\u2019anno liturgico \u2013 ci ammonisce circa la provvisoriet\u00e0 dell\u2019esistenza terrena e ci invita a viverla come un pellegrinaggio, tenendo lo sguardo rivolto alla meta, a quel Dio che ci ha creato e, poich\u00e9 ci ha fatto per s\u00e9 (cfr S. Agostino,\u00a0Conf&#8230;.<\/p>\n","protected":false},"author":3,"featured_media":0,"comment_status":"closed","ping_status":"closed","sticky":false,"template":"","format":"standard","meta":{"_kad_post_transparent":"","_kad_post_title":"","_kad_post_layout":"","_kad_post_sidebar_id":"","_kad_post_content_style":"","_kad_post_vertical_padding":"","_kad_post_feature":"","_kad_post_feature_position":"","_kad_post_header":false,"_kad_post_footer":false,"_kad_post_classname":"","footnotes":""},"categories":[101,114],"tags":[73,9],"class_list":["post-232950","post","type-post","status-publish","format-standard","hentry","category-101","category-angelus","tag-benedetto-xvi","tag-vaticano"],"_links":{"self":[{"href":"https:\/\/archivio.cercoiltuovolto.it\/index.php?rest_route=\/wp\/v2\/posts\/232950","targetHints":{"allow":["GET"]}}],"collection":[{"href":"https:\/\/archivio.cercoiltuovolto.it\/index.php?rest_route=\/wp\/v2\/posts"}],"about":[{"href":"https:\/\/archivio.cercoiltuovolto.it\/index.php?rest_route=\/wp\/v2\/types\/post"}],"author":[{"embeddable":true,"href":"https:\/\/archivio.cercoiltuovolto.it\/index.php?rest_route=\/wp\/v2\/users\/3"}],"replies":[{"embeddable":true,"href":"https:\/\/archivio.cercoiltuovolto.it\/index.php?rest_route=%2Fwp%2Fv2%2Fcomments&post=232950"}],"version-history":[{"count":0,"href":"https:\/\/archivio.cercoiltuovolto.it\/index.php?rest_route=\/wp\/v2\/posts\/232950\/revisions"}],"wp:attachment":[{"href":"https:\/\/archivio.cercoiltuovolto.it\/index.php?rest_route=%2Fwp%2Fv2%2Fmedia&parent=232950"}],"wp:term":[{"taxonomy":"category","embeddable":true,"href":"https:\/\/archivio.cercoiltuovolto.it\/index.php?rest_route=%2Fwp%2Fv2%2Fcategories&post=232950"},{"taxonomy":"post_tag","embeddable":true,"href":"https:\/\/archivio.cercoiltuovolto.it\/index.php?rest_route=%2Fwp%2Fv2%2Ftags&post=232950"}],"curies":[{"name":"wp","href":"https:\/\/api.w.org\/{rel}","templated":true}]}}