{"id":232929,"date":"2011-11-09T22:35:34","date_gmt":"2011-11-09T22:35:34","guid":{"rendered":"https:\/\/archivio.cercoiltuovolto.it\/?p=232929"},"modified":"2011-11-09T22:35:34","modified_gmt":"2011-11-09T22:35:34","slug":"udienza-generale-del-santo-padre-mp3-9-novembre-2011","status":"publish","type":"post","link":"https:\/\/archivio.cercoiltuovolto.it\/?p=232929","title":{"rendered":"&#8220;Udienza Generale&#8221; del Santo Padre in mp3 &#8211; 9 novembre 2011"},"content":{"rendered":"<p style=\"text-align: center;\"><a href=\"http:\/\/www.cercoiltuovolto.it\/wp-content\/uploads\/2011\/01\/udienza.jpg\"><img loading=\"lazy\" decoding=\"async\" class=\"aligncenter size-full wp-image-16441\" title=\"udienza\" src=\"http:\/\/www.cercoiltuovolto.it\/wp-content\/uploads\/2011\/01\/udienza.jpg\" alt=\"\" width=\"476\" height=\"132\" \/><\/a><\/p>\n<blockquote>\n<p><em><strong>Il grande canto della &#8220;Legge&#8221;<br \/>Salmo 119 (118)<\/strong><\/em><\/p>\n<p><em>Cari fratelli e sorelle,<\/em><\/p>\n<p style=\"text-align: justify;\">nelle passate catechesi abbiamo meditato su alcuni Salmi che sono esempi dei generi tipici della preghiera: lamento, fiducia, lode. Nella catechesi di oggi vorrei soffermarmi sul Salmo 119 secondo la tradizione ebraica, 118 secondo quella greco-latina: un Salmo molto particolare, unico nel suo genere. Anzitutto lo \u00e8 per la sua lunghezza: \u00e8 composto infatti da 176 versetti divisi in 22 strofe di otto versetti ciascuna. Poi ha la peculiarit\u00e0 di essere un \u201cacrostico alfabetico\u201d: \u00e8 costruito, cio\u00e8, secondo l\u2019alfabeto ebraico, che \u00e8 composto di 22 lettere. Ogni strofa corrisponde ad una lettera di quell\u2019alfabeto, e con tale lettera inizia la prima parola degli otto versetti della strofa. Si tratta di una costruzione letteraria originale e molto impegnativa, in cui l\u2019autore del Salmo ha dovuto dispiegare tutta la sua bravura. [<em>continua<\/em>]<\/p>\n<ul>\n<li><a href=\"http:\/\/www.vatican.va\/holy_father\/benedict_xvi\/audiences\/2011\/documents\/hf_ben-xvi_aud_20111109_it.html\">Leggi tutto il messaggio<\/a> <em>\u00a9 Copyright 2011 &#8211; Libreria Editrice Vaticana<\/em><\/li>\n<li><a href=\"http:\/\/player.rv.va\/vaticanplayer.asp?language=it&amp;tic=VA_Y685WKYJ\" target=\"_blank\">Link al video ufficiale<\/a><\/li>\n<\/ul>\n<\/blockquote>\n<div class=\"powerpressbox\">[powerpress]<\/div>\n<p class=\"link\" style=\"text-align: justify;\"><strong>Fonte<\/strong>: Radio Vaticana via FeedRss<\/p>\n<p><span style=\"font-size: xx-small;\"><em>(The content of this podcast is copyrighted by Vatican Radio which, according to its statute, is entrusted to manage and protect the sound recordings of the Roman Pontiff, ensuring that their pastoral character and intellectual property&#8217;s rights are protected when used by third parties. The content of this podcast is made available only for personal and private use and cannot be exploited for commercial purposes, without prior written authorization by Vatican Radio. For further information, please contact the International Relation Office at relint@vatiradio.va)<\/em><\/span><\/p>\n","protected":false},"excerpt":{"rendered":"<p>Il grande canto della &#8220;Legge&#8221;Salmo 119 (118) Cari fratelli e sorelle, nelle passate catechesi abbiamo meditato su alcuni Salmi che sono esempi dei generi tipici della preghiera: lamento, fiducia, lode. Nella catechesi di oggi vorrei soffermarmi sul Salmo 119 secondo la tradizione ebraica, 118 secondo quella greco-latina: un Salmo molto particolare, unico nel suo genere&#8230;.<\/p>\n","protected":false},"author":3,"featured_media":0,"comment_status":"closed","ping_status":"closed","sticky":false,"template":"","format":"standard","meta":{"_kad_post_transparent":"","_kad_post_title":"","_kad_post_layout":"","_kad_post_sidebar_id":"","_kad_post_content_style":"","_kad_post_vertical_padding":"","_kad_post_feature":"","_kad_post_feature_position":"","_kad_post_header":false,"_kad_post_footer":false,"_kad_post_classname":"","footnotes":""},"categories":[101,127],"tags":[65,9],"class_list":["post-232929","post","type-post","status-publish","format-standard","hentry","category-101","category-benedetto-xvi","tag-udienza-generale","tag-vaticano"],"_links":{"self":[{"href":"https:\/\/archivio.cercoiltuovolto.it\/index.php?rest_route=\/wp\/v2\/posts\/232929","targetHints":{"allow":["GET"]}}],"collection":[{"href":"https:\/\/archivio.cercoiltuovolto.it\/index.php?rest_route=\/wp\/v2\/posts"}],"about":[{"href":"https:\/\/archivio.cercoiltuovolto.it\/index.php?rest_route=\/wp\/v2\/types\/post"}],"author":[{"embeddable":true,"href":"https:\/\/archivio.cercoiltuovolto.it\/index.php?rest_route=\/wp\/v2\/users\/3"}],"replies":[{"embeddable":true,"href":"https:\/\/archivio.cercoiltuovolto.it\/index.php?rest_route=%2Fwp%2Fv2%2Fcomments&post=232929"}],"version-history":[{"count":0,"href":"https:\/\/archivio.cercoiltuovolto.it\/index.php?rest_route=\/wp\/v2\/posts\/232929\/revisions"}],"wp:attachment":[{"href":"https:\/\/archivio.cercoiltuovolto.it\/index.php?rest_route=%2Fwp%2Fv2%2Fmedia&parent=232929"}],"wp:term":[{"taxonomy":"category","embeddable":true,"href":"https:\/\/archivio.cercoiltuovolto.it\/index.php?rest_route=%2Fwp%2Fv2%2Fcategories&post=232929"},{"taxonomy":"post_tag","embeddable":true,"href":"https:\/\/archivio.cercoiltuovolto.it\/index.php?rest_route=%2Fwp%2Fv2%2Ftags&post=232929"}],"curies":[{"name":"wp","href":"https:\/\/api.w.org\/{rel}","templated":true}]}}