{"id":232910,"date":"2011-11-06T10:00:06","date_gmt":"2011-11-06T10:00:06","guid":{"rendered":"https:\/\/archivio.cercoiltuovolto.it\/?p=232910"},"modified":"2011-11-06T10:00:06","modified_gmt":"2011-11-06T10:00:06","slug":"le-parole-della-fede-compendio-del-catechismo-cap-1-numero-1","status":"publish","type":"post","link":"https:\/\/archivio.cercoiltuovolto.it\/?p=232910","title":{"rendered":"Le parole della fede &#8211; Compendio del Catechismo, cap. 1, numero 1"},"content":{"rendered":"<p style=\"text-align: justify;\"><a href=\"http:\/\/www.cercoiltuovolto.it\/wp-content\/uploads\/2011\/11\/Catechismo-compendio.jpg\"><img loading=\"lazy\" decoding=\"async\" class=\"alignleft size-medium wp-image-21213\" title=\"Catechismo compendio\" src=\"http:\/\/www.cercoiltuovolto.it\/wp-content\/uploads\/2011\/11\/Catechismo-compendio-211x300.jpg\" alt=\"\" width=\"211\" height=\"300\" \/><\/a>Dopo gli incontri introduttivi delle settimane scorse, iniziamo oggi una rilettura pi\u00f9 sistematica e organica della nostra fede cattolica. Se ricordate negli appuntamenti precedenti, con le interviste raccolte tra la gente per strada, abbiamo preso coscienza della ignoranza ahime molto diffusa, sulle cose della fede. Allora, con pazienza ricominciamo dall&#8217;inizio, con l&#8217;aiuto di Dio.<\/p>\n<p style=\"text-align: justify;\">Prenderemo come riferimento <a href=\"http:\/\/www.libreriadelsanto.it\/libri\/9788821555060\/catechismo-della-chiesa-cattolica-compendio-tascabile.html?p=sot\">il Compendio del Catechismo della Chiesa Cattolica<\/a>, lo strumento di sintesi offerto a tutta la Chiesa, che riassume e compendia il Catechismo, cio\u00e8 la presentazione organica della fede cristiana.<br \/>&#8220;Le parole della fede&#8221;, \u00e8 il titolo di questa rubrica, perch\u00e9 credere non \u00e8 solo provare delle sensazioni o avere qualche vaga idea di Dio, ma \u00e8 una vera e propria forma di indagine e di conoscenza sulla realt\u00e0 delle cose, sostenuta dalla divina rivelazione.<br \/>Compendio del Catechismo, cap. 1, numero 1.<\/p>\n<p style=\"text-align: justify;\"><strong>1. Qual \u00e8 il disegno di Dio per l&#8217;uomo?<\/strong><br \/>Dio, infinitamente perfetto e beato in se stesso, per un disegno di pura bont\u00e0 ha liberamente creato l&#8217;uomo per renderlo partecipe della sua vita beata. Nella pienezza dei tempi, Dio Padre ha mandato suo Figlio come redentore e salvatore degli uomini caduti nel peccato, convocandoli nella sua Chiesa e rendendoli figli adottivi per opera dello Spirito Santo ed eredi della sua eterna beatitudine.<\/p>\n<p style=\"text-align: justify;\"><strong>COMMENTO<\/strong><br \/>Da qualche parte bisogna cominciare, e il catechismo per introdurci alla conoscenza del mistero della nostra fede, comincia con uno sguardo panoramico sul disegno di Dio.<br \/>Il primo punto del catechismo ci presenta una mirabile sintesi della nostra fede, che ha anche un pregio notevole: quello di tenere insieme tutto. Anzitutto c&#8217;\u00e8 un disegno, un unico disegno che Dio ha da sempre e per sempre per tutta l&#8217;umanit\u00e0.<br \/>Ma andiamo con ordine: Dio in se stesso \u00e8 perfetto e beato. Non ha bisogno di nulla e di nessuno per essere felice, e dunque per purissima e gratuita bont\u00e0 ha creato l&#8217;uomo per renderlo partecipe della sua vita beata.\u00a0<br \/>Il suo Figlio, l&#8217;unico, assolutamente l&#8217;unico che possa essere detto in verit\u00e0 Figlio di Dio, perch\u00e9 Dio come il Padre, \u00e8 stato mandato in mezzo a noi, uomo in mezzo agli uomini per riscattarci dal peccato. Il peccato infatti ci tiene separati dall&#8217;originario disegno divino: mentre il Figlio di Dio fatto uomo, ci chiama ad essere un cuore solo e un&#8217;anima sola nella sua Chiesa. Ma c&#8217;\u00e8 di pi\u00f9. Donandoci il suo Spirito, che \u00e8 lo Spirito, l&#8217;amore del Padre e del Figlio, la nostra identit\u00e0 di creature umane \u00e8 consacrata e riplasmata: in questo modo anche noi, che per natura siamo poco pi\u00f9 di un soffio, possiamo dirci ed essere realmente figli di Dio, eredi della sua beatitudine.<br \/>Certo, essendo stato creato da Dio, ogni uomo pu\u00f2 dire di essere figlio di Dio, come anche gli alberi, i sassi, le piante&#8230; ma la chiamata alla fede e il dono dello Spirito, ci rendono figli, proprio come Ges\u00f9 Cristo, dunque partecipi della felicit\u00e0 perfetta di Dio.<\/p>\n<p>Ecco abbiamo fatto il compendio del compendio, dalla a alla zeta di un percorso di fede, che per\u00f2 ha bisogno di essere sempre approfondito.<br \/>Per fissare nella memoria queste verit\u00e0 della fede, vorrei invitarvi a guardare una foto.<br \/>Tranquilli! Non \u00e8 un difetto del televisore. Forse avete gi\u00e0 capito che \u00e8 la tela di un quadro, ma vista dal retro. Il retro di questo quadro ci fa pensare al corso della nostra vita terrena, che \u00e8 fatta di segni e di tracce confuse, che non sappiamo da dove vengono o dove vadano. Quante domande, quanti dubbi ci tormentano e quanto \u00e8 difficile riconoscere il senso delle cose, della vita, della sofferenza, della morte.<br \/>Ecco la fede ci dice: abbi fiducia. Queste tracce che ora ti appaiono confuse e addirittura senza senso, sono le tracce di un capolavoro, un disegno meraviglioso: il disegno di Dio sulla tua vita e sul mondo intero. Proprio la fede ti aiuta a comprendere che ogni situazione della vita ha un suo perch\u00e9, ha un suo valore. Il disegno lo possiamo solo intravvedere, e conoscere magari sempre meglio, giorno per giorno nel cammino della fede.<br \/>Ma \u00e8 gi\u00e0 un gran dono sapere che il disegno c&#8217;\u00e8, che la nostra vita non \u00e8 una scheggia impazzita, che non si sa da dove viene o dove va, e che un giorno, con l&#8217;aiuto di Dio, saremo dal lato giusto di questo disegno e potremo conoscerne tutta la bellezza.<\/p>\n<p style=\"text-align: center;\">\n<div class=\"entry-content-asset videofit\"><iframe loading=\"lazy\" title=\"Catechismo della Chiesa Cattolica n. 1\" width=\"720\" height=\"540\" src=\"https:\/\/www.youtube.com\/embed\/yDwVUi1F5IE?feature=oembed\" frameborder=\"0\" allow=\"accelerometer; autoplay; clipboard-write; encrypted-media; gyroscope; picture-in-picture; web-share\" referrerpolicy=\"strict-origin-when-cross-origin\" allowfullscreen><\/iframe><\/div>\n<\/p>\n<p class=\"link\">Fonte: <a href=\"http:\/\/www.youtube.com\/user\/12portebo\">12 Porte Bologna<\/a><\/p>\n<p class=\"link\"><a href=\"http:\/\/www.libreriadelsanto.it\/libri\/9788821555060\/catechismo-della-chiesa-cattolica-compendio-tascabile.html?p=sot\">Per acquistare il Compendio<\/a><\/p>\n","protected":false},"excerpt":{"rendered":"<p>Dopo gli incontri introduttivi delle settimane scorse, iniziamo oggi una rilettura pi\u00f9 sistematica e organica della nostra fede cattolica. Se ricordate negli appuntamenti precedenti, con le interviste raccolte tra la gente per strada, abbiamo preso coscienza della ignoranza ahime molto diffusa, sulle cose della fede. Allora, con pazienza ricominciamo dall&#8217;inizio, con l&#8217;aiuto di Dio. Prenderemo&#8230;<\/p>\n","protected":false},"author":3,"featured_media":0,"comment_status":"closed","ping_status":"closed","sticky":false,"template":"","format":"standard","meta":{"_kad_post_transparent":"","_kad_post_title":"","_kad_post_layout":"","_kad_post_sidebar_id":"","_kad_post_content_style":"","_kad_post_vertical_padding":"","_kad_post_feature":"","_kad_post_feature_position":"","_kad_post_header":false,"_kad_post_footer":false,"_kad_post_classname":"","footnotes":""},"categories":[101,126],"tags":[569,62,380],"class_list":["post-232910","post","type-post","status-publish","format-standard","hentry","category-101","category-chiesa","tag-compendio","tag-diocesi","tag-in-evidenza"],"_links":{"self":[{"href":"https:\/\/archivio.cercoiltuovolto.it\/index.php?rest_route=\/wp\/v2\/posts\/232910","targetHints":{"allow":["GET"]}}],"collection":[{"href":"https:\/\/archivio.cercoiltuovolto.it\/index.php?rest_route=\/wp\/v2\/posts"}],"about":[{"href":"https:\/\/archivio.cercoiltuovolto.it\/index.php?rest_route=\/wp\/v2\/types\/post"}],"author":[{"embeddable":true,"href":"https:\/\/archivio.cercoiltuovolto.it\/index.php?rest_route=\/wp\/v2\/users\/3"}],"replies":[{"embeddable":true,"href":"https:\/\/archivio.cercoiltuovolto.it\/index.php?rest_route=%2Fwp%2Fv2%2Fcomments&post=232910"}],"version-history":[{"count":0,"href":"https:\/\/archivio.cercoiltuovolto.it\/index.php?rest_route=\/wp\/v2\/posts\/232910\/revisions"}],"wp:attachment":[{"href":"https:\/\/archivio.cercoiltuovolto.it\/index.php?rest_route=%2Fwp%2Fv2%2Fmedia&parent=232910"}],"wp:term":[{"taxonomy":"category","embeddable":true,"href":"https:\/\/archivio.cercoiltuovolto.it\/index.php?rest_route=%2Fwp%2Fv2%2Fcategories&post=232910"},{"taxonomy":"post_tag","embeddable":true,"href":"https:\/\/archivio.cercoiltuovolto.it\/index.php?rest_route=%2Fwp%2Fv2%2Ftags&post=232910"}],"curies":[{"name":"wp","href":"https:\/\/api.w.org\/{rel}","templated":true}]}}