{"id":232904,"date":"2011-11-05T12:38:55","date_gmt":"2011-11-05T12:38:55","guid":{"rendered":"https:\/\/archivio.cercoiltuovolto.it\/?p=232904"},"modified":"2011-11-05T12:38:55","modified_gmt":"2011-11-05T12:38:55","slug":"commento-al-vangelo-di-domenica-6-novembre-2011-padre-bruno-secondin","status":"publish","type":"post","link":"https:\/\/archivio.cercoiltuovolto.it\/?p=232904","title":{"rendered":"Commento al Vangelo di domenica 6 novembre 2011 &#8211; padre Bruno Secondin"},"content":{"rendered":"<p style=\"text-align: center;\"><img loading=\"lazy\" decoding=\"async\" class=\"aligncenter size-full wp-image-14846\" title=\"padre carmelitano Bruno Secondin\" src=\"http:\/\/www.cercoiltuovolto.it\/wp\/wp-content\/uploads\/2010\/11\/secondin.png\" alt=\"\" width=\"412\" height=\"132\" \/><\/p>\n<p style=\"text-align: justify;\">In questa 32.ma Domenica del Tempo ordinario la liturgia ci presenta il passo del Vangelo in cui Ges\u00f9 paragona il regno dei cieli a dieci vergini, cinque sagge e cinque stolte, che attendono con le loro lampade l\u2019arrivo dello sposo per una festa di nozze: le cinque sagge portano con s\u00e9 dell\u2019olio di riserva in piccoli vasi. Quando arriva lo sposo, all\u2019improvviso, a mezzanotte, le cinque vergini stolte non hanno pi\u00f9 olio nelle loro lampade e non sono ammesse alle nozze. Questa l\u2019esortazione di Ges\u00f9:<\/p>\n<blockquote>\n<p style=\"text-align: justify;\">\u201cVegliate dunque, perch\u00e9 non sapete n\u00e9 il giorno n\u00e9 l\u2019ora\u201d.<\/p>\n<\/blockquote>\n<p>Su questo brano del Vangelo, ascoltiamo il commento del carmelitano, padre Bruno Secondin, docente di Teologia spirituale alla Pontificia Universit\u00e0 Gregoriana:<\/p>\n<blockquote>\n<p style=\"text-align: justify;\">Con tre parabole molto originali ci avviamo alla chiusura dell\u2019anno liturgico fra tre domeniche. Oggi ci vengono incontro queste dieci ragazze che vogliono partecipare al corteo nuziale che si svolger\u00e0 nella notte. Ma non tutte hanno la saggezza di pensare agli imprevisti: solo cinque di esse portano una provvista in pi\u00f9 di olio per la propria lampada. Una stoltezza definisce Ges\u00f9 la dimenticanza delle altre, e di fatti il rimedio inventato l\u00ec per l\u00ec \u2013 andare a comprare olio \u2013 sar\u00e0 fatale: arrivano in ritardo e vengono escluse con durezza.<\/p>\n<p style=\"text-align: justify;\">\u00c8 lo specchio delle nostre comunit\u00e0: chi ama sa anche prevedere e si fornisce di risorse opportune per non mancare all\u2019incontro. La vigilanza e la prudenza non possono essere delegate, non si rabberciano all\u2019ultimo momento, non si inventano a caso. Sono frutto di una vita custodita e alimentata, sono il bello di un amore che insegna le attese e le gioie, la fiducia e la pazienza.<\/p>\n<p style=\"text-align: justify;\">Prima che nella notte dell\u2019attesa si oda il grido: \u201cEcco lo Sposo!\u201d, il tempo pu\u00f2 essere lungo: bisogna ravvivare l\u2019attesa col desiderio acceso dall\u2019ascolto della Parola e rafforzato dal Pane di vita. Lo Sposo certo arriver\u00e0, questa nostra attesa si concluder\u00e0: ma avremo ancora olio per le lampade dei nostri cuori? Saremo davvero ancora impegnati e vigilanti per andargli incontro?<\/p>\n<\/blockquote>\n<p class=\"link\" style=\"text-align: justify;\">Fonte: <a href=\"http:\/\/www.oecumene.radiovaticana.org\/IT1\/Articolo.asp?c=535113\" target=\"_blank\">RadioVaticana<\/a><\/p>\n<div class=\"powerpressbox\">[powerpress]<\/div>\n","protected":false},"excerpt":{"rendered":"<p>In questa 32.ma Domenica del Tempo ordinario la liturgia ci presenta il passo del Vangelo in cui Ges\u00f9 paragona il regno dei cieli a dieci vergini, cinque sagge e cinque stolte, che attendono con le loro lampade l\u2019arrivo dello sposo per una festa di nozze: le cinque sagge portano con s\u00e9 dell\u2019olio di riserva in&#8230;<\/p>\n","protected":false},"author":3,"featured_media":0,"comment_status":"closed","ping_status":"closed","sticky":false,"template":"","format":"standard","meta":{"_kad_post_transparent":"","_kad_post_title":"","_kad_post_layout":"","_kad_post_sidebar_id":"","_kad_post_content_style":"","_kad_post_vertical_padding":"","_kad_post_feature":"","_kad_post_feature_position":"","_kad_post_header":false,"_kad_post_footer":false,"_kad_post_classname":"","footnotes":""},"categories":[101,147],"tags":[27,172],"class_list":["post-232904","post","type-post","status-publish","format-standard","hentry","category-101","category-commento-al-vangelo","tag-radio-vaticana","tag-vangelo-della-domenica"],"_links":{"self":[{"href":"https:\/\/archivio.cercoiltuovolto.it\/index.php?rest_route=\/wp\/v2\/posts\/232904","targetHints":{"allow":["GET"]}}],"collection":[{"href":"https:\/\/archivio.cercoiltuovolto.it\/index.php?rest_route=\/wp\/v2\/posts"}],"about":[{"href":"https:\/\/archivio.cercoiltuovolto.it\/index.php?rest_route=\/wp\/v2\/types\/post"}],"author":[{"embeddable":true,"href":"https:\/\/archivio.cercoiltuovolto.it\/index.php?rest_route=\/wp\/v2\/users\/3"}],"replies":[{"embeddable":true,"href":"https:\/\/archivio.cercoiltuovolto.it\/index.php?rest_route=%2Fwp%2Fv2%2Fcomments&post=232904"}],"version-history":[{"count":0,"href":"https:\/\/archivio.cercoiltuovolto.it\/index.php?rest_route=\/wp\/v2\/posts\/232904\/revisions"}],"wp:attachment":[{"href":"https:\/\/archivio.cercoiltuovolto.it\/index.php?rest_route=%2Fwp%2Fv2%2Fmedia&parent=232904"}],"wp:term":[{"taxonomy":"category","embeddable":true,"href":"https:\/\/archivio.cercoiltuovolto.it\/index.php?rest_route=%2Fwp%2Fv2%2Fcategories&post=232904"},{"taxonomy":"post_tag","embeddable":true,"href":"https:\/\/archivio.cercoiltuovolto.it\/index.php?rest_route=%2Fwp%2Fv2%2Ftags&post=232904"}],"curies":[{"name":"wp","href":"https:\/\/api.w.org\/{rel}","templated":true}]}}