{"id":232892,"date":"2011-11-03T21:03:00","date_gmt":"2011-11-03T21:03:00","guid":{"rendered":"https:\/\/archivio.cercoiltuovolto.it\/?p=232892"},"modified":"2011-11-03T21:03:00","modified_gmt":"2011-11-03T21:03:00","slug":"commento-al-vangelo-del-6-novembre-2011-comunita-cattolica-ungherese","status":"publish","type":"post","link":"https:\/\/archivio.cercoiltuovolto.it\/?p=232892","title":{"rendered":"Commento al Vangelo del 6 novembre 2011 &#8211; Comunit\u00e0 cattolica ungherese"},"content":{"rendered":"<p style=\"text-align: center;\"><img loading=\"lazy\" decoding=\"async\" class=\"aligncenter size-full wp-image-14834\" title=\"Comunit\u00e0 cattolica italiana in Ungheria\" src=\"http:\/\/www.cercoiltuovolto.it\/wp\/wp-content\/uploads\/2010\/11\/ungheria.png\" alt=\"\" width=\"476\" height=\"132\" \/><\/p>\n<p>Commento al Vangelo di domenica prossima a cura di p. Sergio della Comunit\u00e0 cattolica italiana in Ungheria.<\/p>\n<blockquote>\n<p style=\"text-align: justify;\"><em>Mt 25, 1-13<\/em><br \/><em>Dal Vangelo secondo\u00a0Matteo<\/em><\/p>\n<p>In quel tempo, Ges\u00f9 disse ai suoi discepoli questa parabola: \u201cIl regno dei cieli \u00e8 simile a dieci vergini che, prese le loro lampade, uscirono incontro allo sposo. Cinque di esse erano stolte e cinque sagge; le stolte presero le lampade, ma non presero con s\u00e9 olio; le sagge invece, insieme alle lampade, presero anche dell\u2019olio in piccoli vasi.<br \/>Poich\u00e9 lo sposo tardava, si assopirono tutte e dormirono. A mezzanotte si lev\u00f2 un grido: Ecco lo sposo, andategli incontro! Allora tutte quelle vergini si destarono e prepararono le loro lampade. E le stolte dissero alle sagge: Dateci del vostro olio, perch\u00e9 le nostre lampade si spengono. Ma le sagge risposero: No, che non abbia a mancare per noi e per voi; andate piuttosto dai venditori e compratevene.<br \/>Ora, mentre quelle andavano per comprare l\u2019olio, arriv\u00f2 lo sposo e le vergini che erano pronte entrarono con lui alle nozze, e la porta fu chiusa.<br \/>Pi\u00f9 tardi arrivarono anche le altre vergini e incominciarono a dire: Signore, signore, aprici! Ma egli rispose: In verit\u00e0 vi dico: non vi conosco.<br \/>Vegliate dunque, perch\u00e9 non sapete n\u00e9 il giorno n\u00e9 l\u2019ora\u201d.<\/p>\n<p>C: Parola del Signore.<br \/>A: Lode a Te o Cristo.<\/p>\n<\/blockquote>\n<p class=\"link\" style=\"text-align: left;\"><a href=\"http:\/\/youtu.be\/cJ1UjG3l4AQ\">Link al Video<\/a><\/p>\n","protected":false},"excerpt":{"rendered":"<p>Commento al Vangelo di domenica prossima a cura di p. Sergio della Comunit\u00e0 cattolica italiana in Ungheria. Mt 25, 1-13Dal Vangelo secondo\u00a0Matteo In quel tempo, Ges\u00f9 disse ai suoi discepoli questa parabola: \u201cIl regno dei cieli \u00e8 simile a dieci vergini che, prese le loro lampade, uscirono incontro allo sposo. Cinque di esse erano stolte&#8230;<\/p>\n","protected":false},"author":3,"featured_media":0,"comment_status":"closed","ping_status":"closed","sticky":false,"template":"","format":"standard","meta":{"_kad_post_transparent":"","_kad_post_title":"","_kad_post_layout":"","_kad_post_sidebar_id":"","_kad_post_content_style":"","_kad_post_vertical_padding":"","_kad_post_feature":"","_kad_post_feature_position":"","_kad_post_header":false,"_kad_post_footer":false,"_kad_post_classname":"","footnotes":""},"categories":[101,147],"tags":[22,172,83],"class_list":["post-232892","post","type-post","status-publish","format-standard","hentry","category-101","category-commento-al-vangelo","tag-francescani","tag-vangelo-della-domenica","tag-youtube"],"_links":{"self":[{"href":"https:\/\/archivio.cercoiltuovolto.it\/index.php?rest_route=\/wp\/v2\/posts\/232892","targetHints":{"allow":["GET"]}}],"collection":[{"href":"https:\/\/archivio.cercoiltuovolto.it\/index.php?rest_route=\/wp\/v2\/posts"}],"about":[{"href":"https:\/\/archivio.cercoiltuovolto.it\/index.php?rest_route=\/wp\/v2\/types\/post"}],"author":[{"embeddable":true,"href":"https:\/\/archivio.cercoiltuovolto.it\/index.php?rest_route=\/wp\/v2\/users\/3"}],"replies":[{"embeddable":true,"href":"https:\/\/archivio.cercoiltuovolto.it\/index.php?rest_route=%2Fwp%2Fv2%2Fcomments&post=232892"}],"version-history":[{"count":0,"href":"https:\/\/archivio.cercoiltuovolto.it\/index.php?rest_route=\/wp\/v2\/posts\/232892\/revisions"}],"wp:attachment":[{"href":"https:\/\/archivio.cercoiltuovolto.it\/index.php?rest_route=%2Fwp%2Fv2%2Fmedia&parent=232892"}],"wp:term":[{"taxonomy":"category","embeddable":true,"href":"https:\/\/archivio.cercoiltuovolto.it\/index.php?rest_route=%2Fwp%2Fv2%2Fcategories&post=232892"},{"taxonomy":"post_tag","embeddable":true,"href":"https:\/\/archivio.cercoiltuovolto.it\/index.php?rest_route=%2Fwp%2Fv2%2Ftags&post=232892"}],"curies":[{"name":"wp","href":"https:\/\/api.w.org\/{rel}","templated":true}]}}