{"id":232891,"date":"2011-11-04T06:43:03","date_gmt":"2011-11-04T06:43:03","guid":{"rendered":"https:\/\/archivio.cercoiltuovolto.it\/?p=232891"},"modified":"2011-11-04T06:43:03","modified_gmt":"2011-11-04T06:43:03","slug":"11-novembre-2011-riparte-radio-vigiova","status":"publish","type":"post","link":"https:\/\/archivio.cercoiltuovolto.it\/?p=232891","title":{"rendered":"11 novembre 2011: riparte Radio ViGiova"},"content":{"rendered":"<h2 align=\"center\"><strong>Si riaccendono i microfoni che danno voce ai giovani di Vicenza <\/strong><\/h2>\n<p style=\"text-align: justify;\" align=\"center\"><a href=\"http:\/\/www.cercoiltuovolto.it\/wp-content\/uploads\/2011\/11\/RadioVigiova-705722.jpg\"><img loading=\"lazy\" decoding=\"async\" class=\"alignleft size-full wp-image-21149\" title=\"RadioVigiova-705722\" src=\"http:\/\/www.cercoiltuovolto.it\/wp-content\/uploads\/2011\/11\/RadioVigiova-705722.jpg\" alt=\"\" width=\"250\" height=\"250\" \/><\/a>Grande novit\u00e0: <strong>riparte l\u201911 novembre alle 18.30 la nuova stagione di Radio ViGiova<\/strong>, programma radiofonico settimanale realizzato dai giovani della <em>diocesi di Vicenza<\/em>, \u00a0in onda in FM 90.2 e 88.7 e in streaming sul sito <a style=\"text-align: -webkit-auto;\" href=\"http:\/\/www.vigiova.it\/\">www.vigiova.it<\/a><span class=\"Apple-style-span\" style=\"text-align: -webkit-auto;\"> ogni venerd\u00ec.<\/span><\/p>\n<p style=\"text-align: justify;\">Tanta musica e nuovi ospiti si raccontano per condividere i passi del proprio cammino, alla ricerca di quella dimensione spirituale che ciascuno chiama con nomi diversi.<\/p>\n<p style=\"text-align: justify;\">La prima puntata avr\u00e0 per protagonista lo scoppiettante duo formato da Giampiero Perone, gi\u00e0 protagonista con i suoi personaggi di molte trasmissioni tv come Colorado Caff\u00e8 e Quelli che il Calcio, e il cantautore pordenonese Marco Anzovino; insieme proporranno qualche divertente stralcio del loro \u201cRideremo tra vent\u2019anni\u201d, spettacolo multimediale di cabaret che racconta, con musica e parole, storie vere sulle tematiche del disagio giovanile e sul valore della vita.<\/p>\n<p style=\"text-align: justify;\">Non mancheranno, in questa quinta stagione di Radio ViGiova, momenti di dialogo e riflessione con teologi e biblisti pronti al confronto.<\/p>\n<p style=\"text-align: justify;\">Ogni puntata sar\u00e0, come sempre, parte di un racconto pi\u00f9 ampio da costruire e valorizzare con la partecipazione degli ascoltatori che vorranno prendere la parola e lasciarsi trasportare nel mondo di Radio Vigiova, nel rispetto della ricchezza che c\u2019\u00e8 dentro ogni diversit\u00e0.<\/p>\n<p style=\"text-align: justify;\">Radio ViGiova va in onda in diretta sulle <strong>frequenze del triveneto<\/strong> (FM 90.2 e 88.7) di <strong>Radio Oreb<\/strong> e <strong>BluRadio Veneto <\/strong>(in contemporanea streaming sul sito\u00a0<a href=\"http:\/\/www.vigiova.it\/\">www.vigiova.it<\/a>) <strong>ogni venerd\u00ec dalle 18.30 <\/strong>e in replica su Radio Oreb mercoled\u00ec, gioved\u00ec alla stessa ora e ogni sabato alle 14.00.<\/p>\n<p style=\"text-align: justify;\">La trasmissione \u00e8 riascoltabile i<strong>n podcast sul sito <\/strong><a href=\"http:\/\/www.vigiova.it\/radio\">www.vigiova.it\/radio<\/a><strong>.<\/strong><\/p>\n<p style=\"text-align: center;\">\n<div class=\"entry-content-asset videofit\"><iframe loading=\"lazy\" title=\"Ritorna RADIOVIGIOVA!!! 11 11 11\" width=\"720\" height=\"405\" src=\"https:\/\/www.youtube.com\/embed\/2zhr6sxKulM?feature=oembed\" frameborder=\"0\" allow=\"accelerometer; autoplay; clipboard-write; encrypted-media; gyroscope; picture-in-picture; web-share\" referrerpolicy=\"strict-origin-when-cross-origin\" allowfullscreen><\/iframe><\/div><\/p>\n","protected":false},"excerpt":{"rendered":"<p>Si riaccendono i microfoni che danno voce ai giovani di Vicenza Grande novit\u00e0: riparte l\u201911 novembre alle 18.30 la nuova stagione di Radio ViGiova, programma radiofonico settimanale realizzato dai giovani della diocesi di Vicenza, \u00a0in onda in FM 90.2 e 88.7 e in streaming sul sito www.vigiova.it ogni venerd\u00ec. Tanta musica e nuovi ospiti si&#8230;<\/p>\n","protected":false},"author":3,"featured_media":0,"comment_status":"closed","ping_status":"closed","sticky":false,"template":"","format":"standard","meta":{"_kad_post_transparent":"","_kad_post_title":"","_kad_post_layout":"","_kad_post_sidebar_id":"","_kad_post_content_style":"","_kad_post_vertical_padding":"","_kad_post_feature":"","_kad_post_feature_position":"","_kad_post_header":false,"_kad_post_footer":false,"_kad_post_classname":"","footnotes":""},"categories":[101,4],"tags":[311,48],"class_list":["post-232891","post","type-post","status-publish","format-standard","hentry","category-101","category-audio-cattolici","tag-comunicazioni","tag-radio"],"_links":{"self":[{"href":"https:\/\/archivio.cercoiltuovolto.it\/index.php?rest_route=\/wp\/v2\/posts\/232891","targetHints":{"allow":["GET"]}}],"collection":[{"href":"https:\/\/archivio.cercoiltuovolto.it\/index.php?rest_route=\/wp\/v2\/posts"}],"about":[{"href":"https:\/\/archivio.cercoiltuovolto.it\/index.php?rest_route=\/wp\/v2\/types\/post"}],"author":[{"embeddable":true,"href":"https:\/\/archivio.cercoiltuovolto.it\/index.php?rest_route=\/wp\/v2\/users\/3"}],"replies":[{"embeddable":true,"href":"https:\/\/archivio.cercoiltuovolto.it\/index.php?rest_route=%2Fwp%2Fv2%2Fcomments&post=232891"}],"version-history":[{"count":0,"href":"https:\/\/archivio.cercoiltuovolto.it\/index.php?rest_route=\/wp\/v2\/posts\/232891\/revisions"}],"wp:attachment":[{"href":"https:\/\/archivio.cercoiltuovolto.it\/index.php?rest_route=%2Fwp%2Fv2%2Fmedia&parent=232891"}],"wp:term":[{"taxonomy":"category","embeddable":true,"href":"https:\/\/archivio.cercoiltuovolto.it\/index.php?rest_route=%2Fwp%2Fv2%2Fcategories&post=232891"},{"taxonomy":"post_tag","embeddable":true,"href":"https:\/\/archivio.cercoiltuovolto.it\/index.php?rest_route=%2Fwp%2Fv2%2Ftags&post=232891"}],"curies":[{"name":"wp","href":"https:\/\/api.w.org\/{rel}","templated":true}]}}