{"id":232890,"date":"2011-11-03T11:24:49","date_gmt":"2011-11-03T11:24:49","guid":{"rendered":"https:\/\/archivio.cercoiltuovolto.it\/?p=232890"},"modified":"2011-11-03T11:24:49","modified_gmt":"2011-11-03T11:24:49","slug":"commento-al-vangelo-del-6-novembre-2011-don-mauro-pozzi","status":"publish","type":"post","link":"https:\/\/archivio.cercoiltuovolto.it\/?p=232890","title":{"rendered":"Commento al Vangelo del 6 novembre 2011 &#8211; don Mauro Pozzi"},"content":{"rendered":"<p style=\"text-align: justify;\">Il commento al Vangelo della domenica a cura di don Mauro Pozzi parroco della Parrocchia S. Giovanni Battista, Novara.<\/p>\n<blockquote>\n<p>UN VASETTO DI SAPIENZA<\/p>\n<p style=\"text-align: justify;\">\u00c8 bellissima la prima lettura dove si dice che la Sapienza non \u00e8 difficile da trovare, anzi \u00e8 lei stessa a venire incontro, a patto che ci sia la volont\u00e0 di cercarla. Con questo termine si intende molto di pi\u00f9 che un semplice sapere, ma piuttosto \u00e8 uno stile di vita indirizzato alla ricerca della felicit\u00e0. Se vogliamo la Sapienza dove cercarla? Dice il Siracide (1, 12): Principio della Sapienza \u00e8 temere il Signore. Ci\u00f2 significa che la prima cosa da fare \u00e8 rendersi conto che non siamo padroni della vita e del mondo, ma che la nostra esistenza \u00e8 un dono che viene da Dio. Il peccato originale \u00e8 il rifiuto del primato di Dio che Adamo manifesta nel voler essere autonomo nel giudicare il bene e il male. Anche l\u2019uomo di oggi fa cos\u00ec: spesso nega l\u2019esistenza di un Creatore attribuendo al caso la nascita dell\u2019universo e della vita, e crede che la legge morale sia una questione assolutamente soggettiva.<\/p>\n<div style=\"float:right\"><!--adsense--><\/div>\n<p>Questa chiusura esclude dalla vita ogni riferimento a un aldil\u00e0. \u00c8 il principio dell\u2019infelicit\u00e0, perch\u00e9 ogni pretesa di autonomia si infrange contro il limite della morte che \u00e8 la prova che nessuno \u00e8 padrone del proprio esistere. Infatti Ges\u00f9 chiede (Mt 6, 27): chi di voi, per quanto si dia da fare, pu\u00f2 aggiungere un\u2019ora sola alla sua vita? \u00c8 sufficiente allora partire da un atto di umilt\u00e0 che consiste nel riconoscere che c\u2019\u00e8 un Dio sopra di noi e che siamo creature. \u00c8 il principio della Sapienza. Perch\u00e9 bisogna temere il Signore? Si sta come d\u2019autunno, sugli alberi, le foglie, scriveva Ungaretti parlando dei soldati al fronte, ma questa immagine cos\u00ec limpida in realt\u00e0 ritrae la condizione di ogni uomo, il cui essere in vita \u00e8 un miracolo. Basta un piccolo squilibrio all\u2019interno del corpo o nell\u2019ambiente per cessare di esistere e questa precariet\u00e0 ci fa alzare le braccia come bambini spauriti che chiedono aiuto. \u00c8 un sano timore che viene dalla coscienza del limite e spinge ad aprirsi con confidenza a chi ci pu\u00f2 salvare. Tutti moriremo, ma per noi che crediamo la morte non \u00e8 disperazione e annientamento, mentre \u00e8 tragedia senza senso se Dio non esiste. Ecco la differenza tra le vergini della parabola. Tutte aspettano lo sposo, tutte si assopiscono. \u00c8 un\u2019immagine della vita che ci assorbe, che ci distrae, ma quando lo Sposo arriva le cinque sagge hanno un vasetto di olio in pi\u00f9. Basta quel poco per farle ammettere alle nozze e per escludere le altre. Non ci \u00e8 chiesto di avere chiss\u00e0 che requisiti, di essere grandi teologi o di aver compiuto imprese leggendarie, ma solo di avere un piccolo vasetto di Sapienza, una piccola dose di umilt\u00e0.<\/p>\n<\/blockquote>\n<p><a href=\"http:\/\/www.youtube.com\/watch?v=Que5W3bkIJg\">Link al video<\/a><\/p>\n<p style=\"text-align: justify;\"><strong>Mt 25, 1-13<\/strong><\/p>\n<p style=\"text-align: justify;\">In quel tempo, Ges\u00f9 disse ai suoi discepoli questa parabola: \u00abIl regno dei cieli sar\u00e0 simile a dieci vergini che presero le loro lampade e uscirono incontro allo sposo. Cinque di esse erano stolte e cinque sagge; le stolte presero le loro lampade, ma non presero con s\u00e9 l\u2019olio; le sagge invece, insieme alle loro lampade, presero anche l\u2019olio in piccoli vasi. Poich\u00e9 lo sposo tardava, si assopirono tutte e si addormentarono. A mezzanotte si alz\u00f2 un grido: \u201cEcco lo sposo! Andategli incontro!\u201d. Allora tutte quelle vergini si destarono e prepararono le loro lampade. Le stolte dissero alle sagge: \u201cDateci un po\u2019 del vostro olio, perch\u00e9 le nostre lampade si spengono\u201d. Le sagge risposero: \u201cNo, perch\u00e9 non venga a mancare a noi e a voi; andate piuttosto dai venditori e compratevene\u201d. Ora, mentre quelle andavano a comprare l\u2019olio, arriv\u00f2 lo sposo e le vergini che erano pronte entrarono con lui alle nozze, e la porta fu chiusa. Pi\u00f9 tardi arrivarono anche le altre vergini e incominciarono a dire: \u201cSignore, signore, aprici!\u201d. Ma egli rispose: \u201cIn verit\u00e0 io vi dico: non vi conosco\u201d. Vegliate dunque, perch\u00e9 non sapete n\u00e9 il giorno n\u00e9 l\u2019ora\u00bb.<\/p>\n","protected":false},"excerpt":{"rendered":"<p>Il commento al Vangelo della domenica a cura di don Mauro Pozzi parroco della Parrocchia S. Giovanni Battista, Novara.<\/p>\n","protected":false},"author":3,"featured_media":0,"comment_status":"closed","ping_status":"closed","sticky":false,"template":"","format":"standard","meta":{"_kad_post_transparent":"","_kad_post_title":"","_kad_post_layout":"","_kad_post_sidebar_id":"","_kad_post_content_style":"","_kad_post_vertical_padding":"","_kad_post_feature":"","_kad_post_feature_position":"","_kad_post_header":false,"_kad_post_footer":false,"_kad_post_classname":"","footnotes":""},"categories":[101,147],"tags":[388,172,83],"class_list":["post-232890","post","type-post","status-publish","format-standard","hentry","category-101","category-commento-al-vangelo","tag-don-mauro-pozzi","tag-vangelo-della-domenica","tag-youtube"],"_links":{"self":[{"href":"https:\/\/archivio.cercoiltuovolto.it\/index.php?rest_route=\/wp\/v2\/posts\/232890","targetHints":{"allow":["GET"]}}],"collection":[{"href":"https:\/\/archivio.cercoiltuovolto.it\/index.php?rest_route=\/wp\/v2\/posts"}],"about":[{"href":"https:\/\/archivio.cercoiltuovolto.it\/index.php?rest_route=\/wp\/v2\/types\/post"}],"author":[{"embeddable":true,"href":"https:\/\/archivio.cercoiltuovolto.it\/index.php?rest_route=\/wp\/v2\/users\/3"}],"replies":[{"embeddable":true,"href":"https:\/\/archivio.cercoiltuovolto.it\/index.php?rest_route=%2Fwp%2Fv2%2Fcomments&post=232890"}],"version-history":[{"count":0,"href":"https:\/\/archivio.cercoiltuovolto.it\/index.php?rest_route=\/wp\/v2\/posts\/232890\/revisions"}],"wp:attachment":[{"href":"https:\/\/archivio.cercoiltuovolto.it\/index.php?rest_route=%2Fwp%2Fv2%2Fmedia&parent=232890"}],"wp:term":[{"taxonomy":"category","embeddable":true,"href":"https:\/\/archivio.cercoiltuovolto.it\/index.php?rest_route=%2Fwp%2Fv2%2Fcategories&post=232890"},{"taxonomy":"post_tag","embeddable":true,"href":"https:\/\/archivio.cercoiltuovolto.it\/index.php?rest_route=%2Fwp%2Fv2%2Ftags&post=232890"}],"curies":[{"name":"wp","href":"https:\/\/api.w.org\/{rel}","templated":true}]}}