{"id":232886,"date":"2011-11-03T09:34:59","date_gmt":"2011-11-03T09:34:59","guid":{"rendered":"https:\/\/archivio.cercoiltuovolto.it\/?p=232886"},"modified":"2011-11-03T09:34:59","modified_gmt":"2011-11-03T09:34:59","slug":"gennaro-matino-meditazione-del-2-novembre-2011","status":"publish","type":"post","link":"https:\/\/archivio.cercoiltuovolto.it\/?p=232886","title":{"rendered":"Gennaro Matino: meditazione del 2 novembre 2011"},"content":{"rendered":"<p style=\"text-align: justify;\">2 novembre 2011 &#8211; Ss. Trinit\u00e0 di Napoli<\/p>\n<p style=\"text-align: justify;\">La fragilit\u00e0 della nostra fede ci lascia attoniti di fronte alla morte : Aver fede per\u00f2, \u00e8 sopratutto avere fede nella Resurrezione. Se credessimo profondamente che Cristo ha vinto la morte, dovremmo riuscire, pur nel dolore della separazione e della mancanza fisica dei nostri amati, a gioire della loro felicit\u00e0 in Paradiso,vivendo cristianamente la nostra vita nell&#8217;attesa dell&#8217;incontro e dell&#8217;abbraccio futuro con chi tanto abbiamo amato.<\/p>\n<p style=\"text-align: center;\">\n<div class=\"entry-content-asset videofit\"><iframe loading=\"lazy\" title=\"MEDITAZIONE DI GENNARO MATINO-2-11-2011-Commemorazione dei defunti-SS.TRINITA&amp;apos;-NAPOLI\" width=\"720\" height=\"540\" src=\"https:\/\/www.youtube.com\/embed\/EDDhrs-zacY?feature=oembed\" frameborder=\"0\" allow=\"accelerometer; autoplay; clipboard-write; encrypted-media; gyroscope; picture-in-picture; web-share\" referrerpolicy=\"strict-origin-when-cross-origin\" allowfullscreen><\/iframe><\/div>\n<\/p>\n<p style=\"text-align: center;\">\u00a0<\/p>\n","protected":false},"excerpt":{"rendered":"<p>2 novembre 2011 &#8211; Ss. Trinit\u00e0 di Napoli La fragilit\u00e0 della nostra fede ci lascia attoniti di fronte alla morte : Aver fede per\u00f2, \u00e8 sopratutto avere fede nella Resurrezione. Se credessimo profondamente che Cristo ha vinto la morte, dovremmo riuscire, pur nel dolore della separazione e della mancanza fisica dei nostri amati, a gioire&#8230;<\/p>\n","protected":false},"author":3,"featured_media":0,"comment_status":"closed","ping_status":"closed","sticky":false,"template":"","format":"standard","meta":{"_kad_post_transparent":"","_kad_post_title":"","_kad_post_layout":"","_kad_post_sidebar_id":"","_kad_post_content_style":"","_kad_post_vertical_padding":"","_kad_post_feature":"","_kad_post_feature_position":"","_kad_post_header":false,"_kad_post_footer":false,"_kad_post_classname":"","footnotes":""},"categories":[101,147],"tags":[564,113],"class_list":["post-232886","post","type-post","status-publish","format-standard","hentry","category-101","category-commento-al-vangelo","tag-ognissanti","tag-video"],"_links":{"self":[{"href":"https:\/\/archivio.cercoiltuovolto.it\/index.php?rest_route=\/wp\/v2\/posts\/232886","targetHints":{"allow":["GET"]}}],"collection":[{"href":"https:\/\/archivio.cercoiltuovolto.it\/index.php?rest_route=\/wp\/v2\/posts"}],"about":[{"href":"https:\/\/archivio.cercoiltuovolto.it\/index.php?rest_route=\/wp\/v2\/types\/post"}],"author":[{"embeddable":true,"href":"https:\/\/archivio.cercoiltuovolto.it\/index.php?rest_route=\/wp\/v2\/users\/3"}],"replies":[{"embeddable":true,"href":"https:\/\/archivio.cercoiltuovolto.it\/index.php?rest_route=%2Fwp%2Fv2%2Fcomments&post=232886"}],"version-history":[{"count":0,"href":"https:\/\/archivio.cercoiltuovolto.it\/index.php?rest_route=\/wp\/v2\/posts\/232886\/revisions"}],"wp:attachment":[{"href":"https:\/\/archivio.cercoiltuovolto.it\/index.php?rest_route=%2Fwp%2Fv2%2Fmedia&parent=232886"}],"wp:term":[{"taxonomy":"category","embeddable":true,"href":"https:\/\/archivio.cercoiltuovolto.it\/index.php?rest_route=%2Fwp%2Fv2%2Fcategories&post=232886"},{"taxonomy":"post_tag","embeddable":true,"href":"https:\/\/archivio.cercoiltuovolto.it\/index.php?rest_route=%2Fwp%2Fv2%2Ftags&post=232886"}],"curies":[{"name":"wp","href":"https:\/\/api.w.org\/{rel}","templated":true}]}}