{"id":232879,"date":"2011-11-01T23:40:44","date_gmt":"2011-11-01T23:40:44","guid":{"rendered":"https:\/\/archivio.cercoiltuovolto.it\/?p=232879"},"modified":"2011-11-01T23:40:44","modified_gmt":"2011-11-01T23:40:44","slug":"gennaro-matino-meditazione-del-30-ottobre-2011","status":"publish","type":"post","link":"https:\/\/archivio.cercoiltuovolto.it\/?p=232879","title":{"rendered":"Gennaro Matino: meditazione del 30 ottobre 2011"},"content":{"rendered":"<p style=\"text-align: justify;\">30 ottobre 2011 &#8211; Ss. Trinit\u00e0 di Napoli<\/p>\n<p style=\"text-align: justify;\">La parola di Ges\u00f9, attuale, oggi come sempre, esalta l&#8217;umilt\u00e0 abbattendo presunzioni e vanagloria.<br \/>Oggi, come sempre, chi detiene un qualsiasi posto di potere o di prestigio,fa promesse che non mantiene, carica la gente di pesi che non toccherebbe neanche con un dito.<br \/>E Ges\u00f9, non solo con la Sua parola, ma con la Sua vita stessa , ha testimoniato l&#8217;essenzialit\u00e0 dell &#8216; &#8220;ESSERE&#8221; sull &#8216; &#8220;APPARIRE&#8221;, l&#8217;importanza di coniugare l&#8217;umanit\u00e0 con l&#8217;essere UOMO.<\/p>\n<p style=\"text-align: center;\">\n<div class=\"entry-content-asset videofit\"><iframe loading=\"lazy\" title=\"MEDITAZIONE  DI GENNARO MATINO-30-10-2011-Chi si umilia sar\u00e0 esaltato-SS TRINITA&amp;apos;-NAPOLI\" width=\"720\" height=\"540\" src=\"https:\/\/www.youtube.com\/embed\/JGw2xZcwmCk?feature=oembed\" frameborder=\"0\" allow=\"accelerometer; autoplay; clipboard-write; encrypted-media; gyroscope; picture-in-picture; web-share\" referrerpolicy=\"strict-origin-when-cross-origin\" allowfullscreen><\/iframe><\/div>\n<\/p>\n<p style=\"text-align: center;\">\u00a0<\/p>\n","protected":false},"excerpt":{"rendered":"<p>30 ottobre 2011 &#8211; Ss. Trinit\u00e0 di Napoli La parola di Ges\u00f9, attuale, oggi come sempre, esalta l&#8217;umilt\u00e0 abbattendo presunzioni e vanagloria.Oggi, come sempre, chi detiene un qualsiasi posto di potere o di prestigio,fa promesse che non mantiene, carica la gente di pesi che non toccherebbe neanche con un dito.E Ges\u00f9, non solo con la&#8230;<\/p>\n","protected":false},"author":3,"featured_media":0,"comment_status":"closed","ping_status":"closed","sticky":false,"template":"","format":"standard","meta":{"_kad_post_transparent":"","_kad_post_title":"","_kad_post_layout":"","_kad_post_sidebar_id":"","_kad_post_content_style":"","_kad_post_vertical_padding":"","_kad_post_feature":"","_kad_post_feature_position":"","_kad_post_header":false,"_kad_post_footer":false,"_kad_post_classname":"","footnotes":""},"categories":[101,147],"tags":[113],"class_list":["post-232879","post","type-post","status-publish","format-standard","hentry","category-101","category-commento-al-vangelo","tag-video"],"_links":{"self":[{"href":"https:\/\/archivio.cercoiltuovolto.it\/index.php?rest_route=\/wp\/v2\/posts\/232879","targetHints":{"allow":["GET"]}}],"collection":[{"href":"https:\/\/archivio.cercoiltuovolto.it\/index.php?rest_route=\/wp\/v2\/posts"}],"about":[{"href":"https:\/\/archivio.cercoiltuovolto.it\/index.php?rest_route=\/wp\/v2\/types\/post"}],"author":[{"embeddable":true,"href":"https:\/\/archivio.cercoiltuovolto.it\/index.php?rest_route=\/wp\/v2\/users\/3"}],"replies":[{"embeddable":true,"href":"https:\/\/archivio.cercoiltuovolto.it\/index.php?rest_route=%2Fwp%2Fv2%2Fcomments&post=232879"}],"version-history":[{"count":0,"href":"https:\/\/archivio.cercoiltuovolto.it\/index.php?rest_route=\/wp\/v2\/posts\/232879\/revisions"}],"wp:attachment":[{"href":"https:\/\/archivio.cercoiltuovolto.it\/index.php?rest_route=%2Fwp%2Fv2%2Fmedia&parent=232879"}],"wp:term":[{"taxonomy":"category","embeddable":true,"href":"https:\/\/archivio.cercoiltuovolto.it\/index.php?rest_route=%2Fwp%2Fv2%2Fcategories&post=232879"},{"taxonomy":"post_tag","embeddable":true,"href":"https:\/\/archivio.cercoiltuovolto.it\/index.php?rest_route=%2Fwp%2Fv2%2Ftags&post=232879"}],"curies":[{"name":"wp","href":"https:\/\/api.w.org\/{rel}","templated":true}]}}