{"id":232861,"date":"2011-10-28T09:20:27","date_gmt":"2011-10-28T09:20:27","guid":{"rendered":"https:\/\/archivio.cercoiltuovolto.it\/?p=232861"},"modified":"2011-10-28T09:20:27","modified_gmt":"2011-10-28T09:20:27","slug":"riflessione-sul-vangelo-xxxi-domenica-del-t-o-anno-a-30-ottobre-2011","status":"publish","type":"post","link":"https:\/\/archivio.cercoiltuovolto.it\/?p=232861","title":{"rendered":"Riflessione sul Vangelo: XXXI domenica del T. O. (anno A) &#8211; 30 ottobre 2011"},"content":{"rendered":"<p style=\"text-align: center;\">\n<p style=\"text-align: justify;\">&#8220;<em>La Parola di Dio<\/em>&#8220;, canale YouTube del prolifico Don Mauro di <a href=\"http:\/\/www.graficapastorale.it\"><strong>graficapastorale.it<\/strong><\/a>, propone una riflessione sul brano del Vangelo di domenica prossima<strong>, <em><em>Mt 23, 1-12<\/em><\/em><\/strong><strong>.<\/strong><\/p>\n<blockquote>\n<h4>Chi desidera automaticamente avere il testo delle riflessioni, mandi il proprio indirizzo email a riflessionevangelo@graficapastorale.com che lo spedir\u00e0 ogni settimana.<\/h4>\n<\/blockquote>\n<blockquote style=\"text-align: justify;\">\n<p><em><em>Dal Vangelo secondo\u00a0Matteo<\/em><\/p>\n<p>In quel tempo, Ges\u00f9 si rivolse alla folla e ai suoi discepoli dicendo: \u201cSulla cattedra di Mos\u00e8 si sono seduti gli scribi e i farisei. Quanto vi dicono, fatelo e osservatelo, ma non fate secondo le loro opere, perch\u00e9 dicono e non fanno. Legano infatti pesanti fardelli e li impongono sulle spalle della gente, ma loro non vogliono muoverli neppure con un dito. Tutte le loro opere le fanno per essere ammirati dagli uomini: allargano i loro filatteri e allungano le frange; amano posti d\u2019onore nei conviti, i primi seggi nelle sinagoghe e i saluti nelle piazze, come anche sentirsi chiamare &#8216;\u2019rabb\u00ec\u2019&#8217; dalla gente.<br \/>Ma voi non fatevi chiamare &#8216;\u2019rabb\u00ec\u2019&#8217;, perch\u00e9 uno solo \u00e8 il vostro maestro e voi siete tutti fratelli. E non chiamate nessuno &#8216;\u2019padre\u2019&#8217; sulla terra, perch\u00e9 uno solo \u00e8 il Padre vostro, quello del cielo. E non fatevi chiamare &#8216;\u2019maestri\u2019&#8217;, perch\u00e9 uno solo \u00e8 il vostro Maestro, il Cristo.<br \/>Il pi\u00f9 grande tra voi sia vostro servo; chi invece si innalzer\u00e0 sar\u00e0 abbassato e chi si abbasser\u00e0 sar\u00e0 innalzato\u201d.<\/p>\n<p>C: Parola del Signore.<br \/>A: Lode a Te o Cristo.<br \/><\/em><\/p>\n<\/blockquote>\n<p class=\"link\"><a href=\"http:\/\/www.youtube.com\/watch?v=1sFgnzUYWhQ\">Link al Video<\/a><\/p>\n","protected":false},"excerpt":{"rendered":"<p>&#8220;La Parola di Dio&#8220;, canale YouTube del prolifico Don Mauro di graficapastorale.it, propone una riflessione sul brano del Vangelo di domenica prossima, Mt 23, 1-12. Chi desidera automaticamente avere il testo delle riflessioni, mandi il proprio indirizzo email a riflessionevangelo@graficapastorale.com che lo spedir\u00e0 ogni settimana. Dal Vangelo secondo\u00a0Matteo In quel tempo, Ges\u00f9 si rivolse alla&#8230;<\/p>\n","protected":false},"author":3,"featured_media":0,"comment_status":"closed","ping_status":"closed","sticky":false,"template":"","format":"standard","meta":{"_kad_post_transparent":"","_kad_post_title":"","_kad_post_layout":"","_kad_post_sidebar_id":"","_kad_post_content_style":"","_kad_post_vertical_padding":"","_kad_post_feature":"","_kad_post_feature_position":"","_kad_post_header":false,"_kad_post_footer":false,"_kad_post_classname":"","footnotes":""},"categories":[101,147],"tags":[172,83],"class_list":["post-232861","post","type-post","status-publish","format-standard","hentry","category-101","category-commento-al-vangelo","tag-vangelo-della-domenica","tag-youtube"],"_links":{"self":[{"href":"https:\/\/archivio.cercoiltuovolto.it\/index.php?rest_route=\/wp\/v2\/posts\/232861","targetHints":{"allow":["GET"]}}],"collection":[{"href":"https:\/\/archivio.cercoiltuovolto.it\/index.php?rest_route=\/wp\/v2\/posts"}],"about":[{"href":"https:\/\/archivio.cercoiltuovolto.it\/index.php?rest_route=\/wp\/v2\/types\/post"}],"author":[{"embeddable":true,"href":"https:\/\/archivio.cercoiltuovolto.it\/index.php?rest_route=\/wp\/v2\/users\/3"}],"replies":[{"embeddable":true,"href":"https:\/\/archivio.cercoiltuovolto.it\/index.php?rest_route=%2Fwp%2Fv2%2Fcomments&post=232861"}],"version-history":[{"count":0,"href":"https:\/\/archivio.cercoiltuovolto.it\/index.php?rest_route=\/wp\/v2\/posts\/232861\/revisions"}],"wp:attachment":[{"href":"https:\/\/archivio.cercoiltuovolto.it\/index.php?rest_route=%2Fwp%2Fv2%2Fmedia&parent=232861"}],"wp:term":[{"taxonomy":"category","embeddable":true,"href":"https:\/\/archivio.cercoiltuovolto.it\/index.php?rest_route=%2Fwp%2Fv2%2Fcategories&post=232861"},{"taxonomy":"post_tag","embeddable":true,"href":"https:\/\/archivio.cercoiltuovolto.it\/index.php?rest_route=%2Fwp%2Fv2%2Ftags&post=232861"}],"curies":[{"name":"wp","href":"https:\/\/api.w.org\/{rel}","templated":true}]}}