{"id":232856,"date":"2011-10-27T06:51:23","date_gmt":"2011-10-27T06:51:23","guid":{"rendered":"https:\/\/archivio.cercoiltuovolto.it\/?p=232856"},"modified":"2011-10-27T06:51:23","modified_gmt":"2011-10-27T06:51:23","slug":"apocrifi-del-nuovo-testamento-il-protovangelo-di-giacomo-1","status":"publish","type":"post","link":"https:\/\/archivio.cercoiltuovolto.it\/?p=232856","title":{"rendered":"Apocrifi del Nuovo Testamento: il Protovangelo di Giacomo (1)"},"content":{"rendered":"<p style=\"text-align: justify;\"><a href=\"http:\/\/www.cercoiltuovolto.it\/wp-content\/uploads\/2011\/10\/psalter2_250.jpg\"><img loading=\"lazy\" decoding=\"async\" class=\"alignright size-medium wp-image-21029\" title=\"psalter2_250\" src=\"http:\/\/www.cercoiltuovolto.it\/wp-content\/uploads\/2011\/10\/psalter2_250-300x300.jpg\" alt=\"\" width=\"300\" height=\"300\" \/><\/a>Secondo Giacomo. Si apre con un vangelo aprocrifo, il cosiddetto\u00a0<strong>&#8220;protovangelo&#8221; di Giacomo<\/strong>,\u00a0la nona edizione del percorso Prendi e leggi! Una scelta inconsueta per un corso biblico, che risponde al desiderio di esplorare criticamente le tradizioni su Ges\u00f9 di Nazaret formatesi nei primi secoli dell&#8217;era cristiana.<br \/>Una seconda serie di incontri \u00e8 dedicata alla lettura del\u00a0<strong>Primo libro di Samuele<\/strong>, dominato dalle figure del profeta Samuele e di re Davide.\u00a0<br \/>Infine un terzo ciclo di incontri \u00e8 dedicato alla lettura della\u00a0<strong>Lettera di san Paolo apostolo ai Galati<\/strong>, in cui si affronta &#8211; in particolare &#8211; il complesso tema della teoria della giustificazione, fondi di divisioni tra\u00a0la Chiesa\u00a0cattolica e le chiese della Riforma.<br \/>Il corso si tiene presso la\u00a0<a href=\"http:\/\/www.lanuovaregaldi.it\/associazione.cfm?sezioneass=390\" target=\"_blank\">sede de La Nuova Regaldi<\/a>, dalle ore 18 alle 19.30. La frequenza \u00e8 aperta a tutti gli interessati. \u00c8 chiesto il versamento di una quota per sostenere le spese vive di gestione dell&#8217;ambiente.<\/p>\n<p><strong>marted\u00ec 25 ottobre 2011<\/strong><\/p>\n<p class=\"download\">Scarica il file WMA\u00a0<a href=\"http:\/\/audio.lanuovaregaldi.it\/11-10-25_PVGiacomo(01).WMA\" target=\"_blank\">Protovangelo di Giacomo: il testo nel contesto<\/a><\/p>\n<blockquote>\n<p style=\"text-align: justify;\">Ogni anno, a partire dall&#8217;anno sociale 2003-2004,<a href=\"http:\/\/www.lanuovaregaldi.it\"> l&#8217;Associazione culturale diocesana &#8220;La Nuova\u00a0Regaldi&#8221;\u00a0<\/a>propone una serie di incontri a sua volta divisa in tre corsi. La sezione didattica \u00e8 a cura del prof. don Silvio Barbaglia, docente di esegesi biblica presso lo Studio teologico San Gaudenzio di Novara e la Facolt\u00e0 Teologica dell&#8217;Italia Settentrionale di Milano. Ogni lezione \u00e8 stata riprodotta in modalit\u00e0 audio e video. Il lavoro di immissione in Internet dell&#8217;intero materiale didattico \u00e8 in corso.<\/p>\n<ul>\n<li><a href=\"http:\/\/www.lanuovaregaldi.it\/attivita.cfm?sezioneAtt=445\" target=\"_self\">Serie prima (anno 2003-2004)<\/a>:<br \/>Introduzione all&#8217;Antico Testamento, Genesi, Vangelo\u00a0secondo Matteo<\/li>\n<li><a href=\"http:\/\/www.lanuovaregaldi.it\/attivita.cfm?sezioneAtt=444\" target=\"_self\">Serie seconda (anno 2004-2005)<\/a>:<br \/>Introduzione al Nuovo Testamento, Esodo, Vangelo secondo Marco<\/li>\n<li><a href=\"http:\/\/www.lanuovaregaldi.it\/attivita.cfm?sezioneAtt=443\" target=\"_self\">Serie terza (anno 2005-2006)<\/a>:<br \/>Qumran, Levitico, Vangelo secondo Luca<\/li>\n<li><a href=\"http:\/\/www.lanuovaregaldi.it\/attivita.cfm?sezioneAtt=442\" target=\"_self\">Serie quarta (anno 2006-2007)<\/a>:<br \/>I papiri di Nag Hammadi e il Vangelo di Giuda, Numeri, Vangelo secondo Giovanni<\/li>\n<li><a href=\"http:\/\/www.lanuovaregaldi.it\/attivita.cfm?sezioneAtt=534\" target=\"_self\">Serie quinta (anno 2007-2008)<\/a>:<br \/>Il Libro dei Giubilei e il problema del calendario sacro in Israele, Deuteronomio, Atti degli Apostoli<\/li>\n<li><a href=\"http:\/\/www.lanuovaregaldi.it\/attivita.cfm?sezioneAtt=654\" target=\"_self\">Serie sesta (anno 2008-2009)<\/a>:<br \/>Il Libro dei Giubilei, Giosu\u00e8, Lettera ai Romani<\/li>\n<li><a href=\"http:\/\/www.lanuovaregaldi.it\/attivita.cfm?sezioneAtt=760\" target=\"_self\">Serie settima (anno 2009-2010)<\/a>:<br \/>I Vangeli della nascita e dell&#8217;infanzia di Ges\u00f9 secondo Matteo, Giudici, Prima Lettera ai Corinzi<\/li>\n<li><a href=\"http:\/\/www.lanuovaregaldi.it\/attivita.cfm?sezioneAtt=834\" target=\"_self\">Serie\u00a0ottava (anno 2010-2011)<\/a>:<br \/>I Vangeli della nascita e dell&#8217;infanzia di Ges\u00f9 secono Luca, Rut, Seconda Lettera ai Corinzi<\/li>\n<li><strong><a href=\"http:\/\/www.lanuovaregaldi.it\/attivita.cfm?sezioneAtt=876\" target=\"_self\">Serie\u00a0nona (anno 2011-2012)<\/a>:<\/strong><br \/><strong>Protovangelo di Giacomo, Primo libro di Samuele, Lettera ai Galati<\/strong><\/li>\n<\/ul>\n<\/blockquote>\n","protected":false},"excerpt":{"rendered":"<p>Secondo Giacomo. Si apre con un vangelo aprocrifo, il cosiddetto\u00a0&#8220;protovangelo&#8221; di Giacomo,\u00a0la nona edizione del percorso Prendi e leggi! Una scelta inconsueta per un corso biblico, che risponde al desiderio di esplorare criticamente le tradizioni su Ges\u00f9 di Nazaret formatesi nei primi secoli dell&#8217;era cristiana.Una seconda serie di incontri \u00e8 dedicata alla lettura del\u00a0Primo libro&#8230;<\/p>\n","protected":false},"author":3,"featured_media":0,"comment_status":"closed","ping_status":"closed","sticky":false,"template":"","format":"standard","meta":{"_kad_post_transparent":"","_kad_post_title":"","_kad_post_layout":"","_kad_post_sidebar_id":"","_kad_post_content_style":"","_kad_post_vertical_padding":"","_kad_post_feature":"","_kad_post_feature_position":"","_kad_post_header":false,"_kad_post_footer":false,"_kad_post_classname":"","footnotes":""},"categories":[101,41],"tags":[],"class_list":["post-232856","post","type-post","status-publish","format-standard","hentry","category-101","category-incontri"],"_links":{"self":[{"href":"https:\/\/archivio.cercoiltuovolto.it\/index.php?rest_route=\/wp\/v2\/posts\/232856","targetHints":{"allow":["GET"]}}],"collection":[{"href":"https:\/\/archivio.cercoiltuovolto.it\/index.php?rest_route=\/wp\/v2\/posts"}],"about":[{"href":"https:\/\/archivio.cercoiltuovolto.it\/index.php?rest_route=\/wp\/v2\/types\/post"}],"author":[{"embeddable":true,"href":"https:\/\/archivio.cercoiltuovolto.it\/index.php?rest_route=\/wp\/v2\/users\/3"}],"replies":[{"embeddable":true,"href":"https:\/\/archivio.cercoiltuovolto.it\/index.php?rest_route=%2Fwp%2Fv2%2Fcomments&post=232856"}],"version-history":[{"count":0,"href":"https:\/\/archivio.cercoiltuovolto.it\/index.php?rest_route=\/wp\/v2\/posts\/232856\/revisions"}],"wp:attachment":[{"href":"https:\/\/archivio.cercoiltuovolto.it\/index.php?rest_route=%2Fwp%2Fv2%2Fmedia&parent=232856"}],"wp:term":[{"taxonomy":"category","embeddable":true,"href":"https:\/\/archivio.cercoiltuovolto.it\/index.php?rest_route=%2Fwp%2Fv2%2Fcategories&post=232856"},{"taxonomy":"post_tag","embeddable":true,"href":"https:\/\/archivio.cercoiltuovolto.it\/index.php?rest_route=%2Fwp%2Fv2%2Ftags&post=232856"}],"curies":[{"name":"wp","href":"https:\/\/api.w.org\/{rel}","templated":true}]}}