{"id":232848,"date":"2011-10-26T09:24:28","date_gmt":"2011-10-26T09:24:28","guid":{"rendered":"https:\/\/archivio.cercoiltuovolto.it\/?p=232848"},"modified":"2011-10-26T09:24:28","modified_gmt":"2011-10-26T09:24:28","slug":"dialogo-interreligioso-assisi-27-ottobre-2011","status":"publish","type":"post","link":"https:\/\/archivio.cercoiltuovolto.it\/?p=232848","title":{"rendered":"Dialogo interreligioso &#8211; Assisi 27 ottobre 2011"},"content":{"rendered":"<h2><a href=\"http:\/\/www.cercoiltuovolto.it\/wp-content\/uploads\/2011\/10\/assisi-2011.jpg\"><img loading=\"lazy\" decoding=\"async\" class=\"alignright size-medium wp-image-20997\" title=\"assisi 2011\" src=\"http:\/\/www.cercoiltuovolto.it\/wp-content\/uploads\/2011\/10\/assisi-2011-145x300.jpg\" alt=\"\" width=\"145\" height=\"300\" \/><\/a>Assisi: assieme per pregare?\u00a0<\/h2>\n<h4>con Pier Cesare Bori e Ilaria Morali\u00a0sabato 22 ottobre 2011<\/h4>\n<p>A venticinque anni dalla prima preghiera \u201cinsieme\u201d celebrata il 2 ottobre 1986, quest\u2019anno il rito si rinnova con particolare enfasi.\u00a0 Molto \u00e8 cambiato da allora: soprattutto l\u2019urgenza dell\u2019incontro si \u00e8 fatta pi\u00f9 incalzante, e pi\u00f9 pressante il desiderio che le religioni facciano meno ostacolo, e invece, eventualmente, realizzino\u00a0 pi\u00f9 incontro. Ma sappiamo che questo progetto, questo desiderio fa conflitto con un troppo forte senso dell\u2019individualit\u00e0, con uno scarso rispetto dell\u2019esperienza altrui, con la presunzione che la propria via di salvezza sia superiore a quella degli altri. Che cosa significa \u201cessere insieme per pregare\u201d?\u00a0 \u00c8 possibile \u201cpregare insieme\u201d? Ne parliamo con\u00a0Pier Cesare Bori\u00a0che da sempre percorre le strade dell\u2019incontro, e conIlaria Morali, che si occupa di problematiche inerenti all\u2019interreligioso.<\/p>\n<p>[powerpress]<\/p>\n<p class=\"link\">Fonte: <a href=\"http:\/\/www.radio3.rai.it\/dl\/radio3\/programmi\/puntata\/ContentItem-089cb010-1380-42c8-be9b-1589e09d43df.html\">Uomini e Profeti &#8211; Radio Tre<\/a><\/p>\n","protected":false},"excerpt":{"rendered":"<p>Assisi: assieme per pregare?\u00a0 con Pier Cesare Bori e Ilaria Morali\u00a0sabato 22 ottobre 2011 A venticinque anni dalla prima preghiera \u201cinsieme\u201d celebrata il 2 ottobre 1986, quest\u2019anno il rito si rinnova con particolare enfasi.\u00a0 Molto \u00e8 cambiato da allora: soprattutto l\u2019urgenza dell\u2019incontro si \u00e8 fatta pi\u00f9 incalzante, e pi\u00f9 pressante il desiderio che le religioni&#8230;<\/p>\n","protected":false},"author":3,"featured_media":0,"comment_status":"closed","ping_status":"closed","sticky":false,"template":"","format":"standard","meta":{"_kad_post_transparent":"","_kad_post_title":"","_kad_post_layout":"","_kad_post_sidebar_id":"","_kad_post_content_style":"","_kad_post_vertical_padding":"","_kad_post_feature":"","_kad_post_feature_position":"","_kad_post_header":false,"_kad_post_footer":false,"_kad_post_classname":"","footnotes":""},"categories":[101,558],"tags":[115,75,180],"class_list":["post-232848","post","type-post","status-publish","format-standard","hentry","category-101","category-assisi","tag-audio","tag-dialogo","tag-pace"],"_links":{"self":[{"href":"https:\/\/archivio.cercoiltuovolto.it\/index.php?rest_route=\/wp\/v2\/posts\/232848","targetHints":{"allow":["GET"]}}],"collection":[{"href":"https:\/\/archivio.cercoiltuovolto.it\/index.php?rest_route=\/wp\/v2\/posts"}],"about":[{"href":"https:\/\/archivio.cercoiltuovolto.it\/index.php?rest_route=\/wp\/v2\/types\/post"}],"author":[{"embeddable":true,"href":"https:\/\/archivio.cercoiltuovolto.it\/index.php?rest_route=\/wp\/v2\/users\/3"}],"replies":[{"embeddable":true,"href":"https:\/\/archivio.cercoiltuovolto.it\/index.php?rest_route=%2Fwp%2Fv2%2Fcomments&post=232848"}],"version-history":[{"count":0,"href":"https:\/\/archivio.cercoiltuovolto.it\/index.php?rest_route=\/wp\/v2\/posts\/232848\/revisions"}],"wp:attachment":[{"href":"https:\/\/archivio.cercoiltuovolto.it\/index.php?rest_route=%2Fwp%2Fv2%2Fmedia&parent=232848"}],"wp:term":[{"taxonomy":"category","embeddable":true,"href":"https:\/\/archivio.cercoiltuovolto.it\/index.php?rest_route=%2Fwp%2Fv2%2Fcategories&post=232848"},{"taxonomy":"post_tag","embeddable":true,"href":"https:\/\/archivio.cercoiltuovolto.it\/index.php?rest_route=%2Fwp%2Fv2%2Ftags&post=232848"}],"curies":[{"name":"wp","href":"https:\/\/api.w.org\/{rel}","templated":true}]}}