{"id":232833,"date":"2011-10-22T23:22:30","date_gmt":"2011-10-22T23:22:30","guid":{"rendered":"https:\/\/archivio.cercoiltuovolto.it\/?p=232833"},"modified":"2011-10-22T23:22:30","modified_gmt":"2011-10-22T23:22:30","slug":"commento-al-vangelo-del-23-ottobre-2011-p-massimo-granieri","status":"publish","type":"post","link":"https:\/\/archivio.cercoiltuovolto.it\/?p=232833","title":{"rendered":"Commento al Vangelo del 23 ottobre 2011 &#8211; p. Massimo Granieri"},"content":{"rendered":"<p style=\"text-align: center;\">\n<p style=\"text-align: justify;\">Il commento sulla Parola di Dio proclamata durante la liturgia festiva.\u00a0In onda la domenica alle ore 8.05 del mattino su <a href=\"http:\/\/rlb.it\/\" target=\"_blank\">RLB<\/a>. Una canzone chiude la riflessione, riassumendo i punti essenziali del messaggio.<\/p>\n<blockquote>\n<p style=\"text-align: justify;\">Cos\u00ec dice il Signore:\u00a0\u00abNon molesterai il forestiero n\u00e9 lo opprimerai, perch\u00e9 voi siete stati forestieri in terra d\u2019Egitto.\u00a0Non maltratterai la vedova o l\u2019orfano. Se tu lo maltratti, quando invocher\u00e0 da me l\u2019aiuto, io dar\u00f2 ascolto al suo grido, la mia ira si accender\u00e0 e vi far\u00f2 morire di spada: le vostre mogli saranno vedove e i vostri figli orfani.\u00a0Se tu presti denaro a qualcuno del mio popolo, all\u2019indigente che sta con te, non ti comporterai con lui da usuraio: voi non dovete imporgli alcun interesse.\u00a0Se prendi in pegno il mantello del tuo prossimo, glielo renderai prima del tramonto del sole, perch\u00e9 \u00e8 la sua sola coperta, \u00e8 il mantello per la sua pelle; come potrebbe coprirsi dormendo? Altrimenti, quando grider\u00e0 verso di me, io l\u2019ascolter\u00f2, perch\u00e9 io sono pietoso\u00bb.\u00a0(Dal libro dell\u2019Esodo)<\/p>\n<\/blockquote>\n<div class=\"powerpressbox\" style=\"text-align: justify;\">[powerpress]<\/div>\n<p class=\"link\">Fonte: <a href=\"http:\/\/www.maxgranieri.it\/2011\/buonanotizia\/la-mancanza-damore-non-fa-buona-propaganda-al-vangelo\/\">p. Massimo Granieri<\/a><\/p>\n","protected":false},"excerpt":{"rendered":"<p>Il commento sulla Parola di Dio proclamata durante la liturgia festiva.\u00a0In onda la domenica alle ore 8.05 del mattino su RLB. Una canzone chiude la riflessione, riassumendo i punti essenziali del messaggio. Cos\u00ec dice il Signore:\u00a0\u00abNon molesterai il forestiero n\u00e9 lo opprimerai, perch\u00e9 voi siete stati forestieri in terra d\u2019Egitto.\u00a0Non maltratterai la vedova o l\u2019orfano&#8230;.<\/p>\n","protected":false},"author":3,"featured_media":0,"comment_status":"closed","ping_status":"closed","sticky":false,"template":"","format":"standard","meta":{"_kad_post_transparent":"","_kad_post_title":"","_kad_post_layout":"","_kad_post_sidebar_id":"","_kad_post_content_style":"","_kad_post_vertical_padding":"","_kad_post_feature":"","_kad_post_feature_position":"","_kad_post_header":false,"_kad_post_footer":false,"_kad_post_classname":"","footnotes":""},"categories":[101,147],"tags":[385,31,172],"class_list":["post-232833","post","type-post","status-publish","format-standard","hentry","category-101","category-commento-al-vangelo","tag-passionisti","tag-radio-nel-web","tag-vangelo-della-domenica"],"_links":{"self":[{"href":"https:\/\/archivio.cercoiltuovolto.it\/index.php?rest_route=\/wp\/v2\/posts\/232833","targetHints":{"allow":["GET"]}}],"collection":[{"href":"https:\/\/archivio.cercoiltuovolto.it\/index.php?rest_route=\/wp\/v2\/posts"}],"about":[{"href":"https:\/\/archivio.cercoiltuovolto.it\/index.php?rest_route=\/wp\/v2\/types\/post"}],"author":[{"embeddable":true,"href":"https:\/\/archivio.cercoiltuovolto.it\/index.php?rest_route=\/wp\/v2\/users\/3"}],"replies":[{"embeddable":true,"href":"https:\/\/archivio.cercoiltuovolto.it\/index.php?rest_route=%2Fwp%2Fv2%2Fcomments&post=232833"}],"version-history":[{"count":0,"href":"https:\/\/archivio.cercoiltuovolto.it\/index.php?rest_route=\/wp\/v2\/posts\/232833\/revisions"}],"wp:attachment":[{"href":"https:\/\/archivio.cercoiltuovolto.it\/index.php?rest_route=%2Fwp%2Fv2%2Fmedia&parent=232833"}],"wp:term":[{"taxonomy":"category","embeddable":true,"href":"https:\/\/archivio.cercoiltuovolto.it\/index.php?rest_route=%2Fwp%2Fv2%2Fcategories&post=232833"},{"taxonomy":"post_tag","embeddable":true,"href":"https:\/\/archivio.cercoiltuovolto.it\/index.php?rest_route=%2Fwp%2Fv2%2Ftags&post=232833"}],"curies":[{"name":"wp","href":"https:\/\/api.w.org\/{rel}","templated":true}]}}