{"id":232825,"date":"2011-10-20T19:16:56","date_gmt":"2011-10-20T19:16:56","guid":{"rendered":"https:\/\/archivio.cercoiltuovolto.it\/?p=232825"},"modified":"2011-10-20T19:16:56","modified_gmt":"2011-10-20T19:16:56","slug":"commento-al-vangelo-del-23-ottobre-2011-don-emilio-lonzi","status":"publish","type":"post","link":"https:\/\/archivio.cercoiltuovolto.it\/?p=232825","title":{"rendered":"Commento al Vangelo del 23 ottobre 2011 &#8211; don Emilio Lonzi"},"content":{"rendered":"<p style=\"text-align: center;\"><a href=\"http:\/\/www.cercoiltuovolto.it\/wp-content\/uploads\/2011\/07\/don-Emilio-Lonzi.jpg\"><img loading=\"lazy\" decoding=\"async\" class=\"aligncenter size-large wp-image-19554\" title=\"don Emilio Lonzi\" src=\"http:\/\/www.cercoiltuovolto.it\/wp-content\/uploads\/2011\/07\/don-Emilio-Lonzi-339x450.jpg\" alt=\"\" width=\"339\" height=\"450\" \/><\/a><\/p>\n<p style=\"text-align: justify;\">Il Vangelo della <strong>XXX domenica del Tempo Ordinario<\/strong> commentato da don Emilio Lonzi,\u00a0Parroco in solido, direttore dell&#8217;ufficio catechistico, rettore Seminario Diocesano dell&#8217;<strong>Arcidiocesi Pescara-Penne<\/strong>.<\/p>\n<div class=\"powerpressbox\">[powerpress]<\/div>\n<blockquote>\n<p style=\"text-align: justify;\"><em><em><em><em><em>Mt <em>22, 34-40<\/em><\/em><\/em><\/em><\/em> (<a href=\"http:\/\/www.laporzione.it\/wp-content\/uploads\/2011\/10\/Verbo-sonoro-XXX-domenica-del-Tempo-Ordinario.mp3\">in formato mp3<\/a>)<\/em><br \/><em><em>Dal Vangelo secondo\u00a0Matteo<\/em><\/p>\n<p>In quel tempo, i farisei, avendo udito che Ges\u00f9 aveva chiuso la bocca ai sadduc\u00e8i, si riunirono insieme e uno di loro, un dottore della Legge, lo interrog\u00f2 per metterlo alla prova: \u00abMaestro, nella Legge, qual \u00e8 il grande comandamento?\u00bb.<br \/>Gli rispose: \u00ab\u201dAmerai il Signore tuo Dio con tutto il tuo cuore, con tutta la tua anima e con tutta la tua mente\u201d. Questo \u00e8 il grande e primo comandamento. Il secondo poi \u00e8 simile a quello: \u201cAmerai il tuo prossimo come te stesso\u201d. Da questi due comandamenti dipendono tutta la Legge e i Profeti\u00bb.<\/p>\n<p>C: Parola del Signore.<br \/>A: Lode a Te o Cristo.<br \/><\/em><\/p>\n<\/blockquote>\n<p class=\"link\">Fonte: <a href=\"http:\/\/www.laporzione.it\/2011\/10\/20\/omelie-in-web-xxx-domenica-del-tempo-ordinario\/\">la Porzione<\/a><\/p>\n","protected":false},"excerpt":{"rendered":"<p>Il Vangelo della XXX domenica del Tempo Ordinario commentato da don Emilio Lonzi, Parroco in solido, direttore dell&#8217;ufficio catechistico, rettore Seminario Diocesano dell&#8217;Arcidiocesi Pescara-Penne.<\/p>\n","protected":false},"author":3,"featured_media":0,"comment_status":"closed","ping_status":"closed","sticky":false,"template":"","format":"standard","meta":{"_kad_post_transparent":"","_kad_post_title":"","_kad_post_layout":"","_kad_post_sidebar_id":"","_kad_post_content_style":"","_kad_post_vertical_padding":"","_kad_post_feature":"","_kad_post_feature_position":"","_kad_post_header":false,"_kad_post_footer":false,"_kad_post_classname":"","footnotes":""},"categories":[101,147],"tags":[62,172],"class_list":["post-232825","post","type-post","status-publish","format-standard","hentry","category-101","category-commento-al-vangelo","tag-diocesi","tag-vangelo-della-domenica"],"_links":{"self":[{"href":"https:\/\/archivio.cercoiltuovolto.it\/index.php?rest_route=\/wp\/v2\/posts\/232825","targetHints":{"allow":["GET"]}}],"collection":[{"href":"https:\/\/archivio.cercoiltuovolto.it\/index.php?rest_route=\/wp\/v2\/posts"}],"about":[{"href":"https:\/\/archivio.cercoiltuovolto.it\/index.php?rest_route=\/wp\/v2\/types\/post"}],"author":[{"embeddable":true,"href":"https:\/\/archivio.cercoiltuovolto.it\/index.php?rest_route=\/wp\/v2\/users\/3"}],"replies":[{"embeddable":true,"href":"https:\/\/archivio.cercoiltuovolto.it\/index.php?rest_route=%2Fwp%2Fv2%2Fcomments&post=232825"}],"version-history":[{"count":0,"href":"https:\/\/archivio.cercoiltuovolto.it\/index.php?rest_route=\/wp\/v2\/posts\/232825\/revisions"}],"wp:attachment":[{"href":"https:\/\/archivio.cercoiltuovolto.it\/index.php?rest_route=%2Fwp%2Fv2%2Fmedia&parent=232825"}],"wp:term":[{"taxonomy":"category","embeddable":true,"href":"https:\/\/archivio.cercoiltuovolto.it\/index.php?rest_route=%2Fwp%2Fv2%2Fcategories&post=232825"},{"taxonomy":"post_tag","embeddable":true,"href":"https:\/\/archivio.cercoiltuovolto.it\/index.php?rest_route=%2Fwp%2Fv2%2Ftags&post=232825"}],"curies":[{"name":"wp","href":"https:\/\/api.w.org\/{rel}","templated":true}]}}