{"id":232819,"date":"2011-10-20T08:33:30","date_gmt":"2011-10-20T08:33:30","guid":{"rendered":"https:\/\/archivio.cercoiltuovolto.it\/?p=232819"},"modified":"2011-10-20T08:33:30","modified_gmt":"2011-10-20T08:33:30","slug":"udienza-generale-del-santo-padre-mp3-19-ottobre-2011","status":"publish","type":"post","link":"https:\/\/archivio.cercoiltuovolto.it\/?p=232819","title":{"rendered":"&#8220;Udienza Generale&#8221; del Santo Padre in mp3 &#8211; 19 ottobre 2011"},"content":{"rendered":"<p style=\"text-align: center;\"><a href=\"http:\/\/www.cercoiltuovolto.it\/wp-content\/uploads\/2011\/01\/udienza.jpg\"><img loading=\"lazy\" decoding=\"async\" class=\"aligncenter size-full wp-image-16441\" title=\"udienza\" src=\"http:\/\/www.cercoiltuovolto.it\/wp-content\/uploads\/2011\/01\/udienza.jpg\" alt=\"\" width=\"476\" height=\"132\" \/><\/a><\/p>\n<blockquote>\n<p align=\"left\"><strong><em>Salmo 136 (135)<\/em><\/strong><\/p>\n<p><em>Cari fratelli e sorelle,<\/em><\/p>\n<p style=\"text-align: justify;\">oggi vorrei meditare con voi un Salmo che riassume tutta la storia della salvezza di cui l\u2019Antico Testamento ci d\u00e0 testimonianza. Si tratta di un grande inno di lode che celebra il Signore nelle molteplici, ripetute manifestazioni della sua bont\u00e0 lungo la storia degli uomini; \u00e8 il\u00a0<em>Salmo<\/em>\u00a0136 \u2013 o 135 secondo la tradizione greco-latina.<\/p>\n<p style=\"text-align: justify;\">Solenne preghiera di rendimento di grazie, conosciuto come il \u201cGrande Hallel\u201d, questo Salmo \u00e8 tradizionalmente cantato alla fine della cena pasquale ebraica ed \u00e8 stato probabilmente pregato anche da Ges\u00f9 nell\u2019ultima Pasqua celebrata con i discepoli; ad esso sembra infatti alludere l\u2019annotazione degli Evangelisti: \u00abDopo aver cantato l\u2019inno, uscirono verso il monte degli Ulivi\u00bb (cfr<em>Mt<\/em>\u00a026,30;\u00a0<em>Mc<\/em>\u00a014,26). L\u2019orizzonte della lode illumina cos\u00ec la difficile strada del Golgota. Tutto il<em>Salmo<\/em>\u00a0136 si snoda in forma litanica, scandito dalla ripetizione antifonale \u00abperch\u00e9 il suo amore \u00e8 per sempre\u00bb. Lungo il componimento, vengono enumerati i molti prodigi di Dio nella storia degli uomini e i suoi continui interventi in favore del suo popolo; e ad ogni proclamazione dell\u2019azione salvifica del Signore risponde l\u2019antifona con la motivazione fondamentale della lode: l\u2019amore eterno di Dio, un amore che, secondo il termine ebraico utilizzato, implica fedelt\u00e0, misericordia, bont\u00e0, grazia, tenerezza. \u00c8 questo il motivo unificante di tutto il Salmo, ripetuto in forma sempre uguale, mentre cambiano le sue manifestazioni puntuali e paradigmatiche: la creazione, la liberazione dell\u2019esodo, il dono della terra, l\u2019aiuto provvidente e costante del Signore nei confronti del suo popolo e di ogni creatura.<\/p>\n<ul>\n<li><a href=\"http:\/\/www.vatican.va\/holy_father\/benedict_xvi\/audiences\/2011\/documents\/hf_ben-xvi_aud_20111019_it.html\">Leggi tutto il messaggio<\/a> <em>\u00a9 Copyright 2011 &#8211; Libreria Editrice Vaticana<\/em><\/li>\n<li><a href=\"http:\/\/player.rv.va\/vaticanplayer.asp?language=it&amp;tic=VA_LSR4GBA2\" target=\"_blank\">Link al video ufficiale<\/a><\/li>\n<\/ul>\n<\/blockquote>\n<div class=\"powerpressbox\">[powerpress]<\/div>\n<p class=\"link\" style=\"text-align: justify;\"><strong>Fonte<\/strong>: Radio Vaticana via FeedRss<\/p>\n<p><span style=\"font-size: xx-small;\"><em>(The content of this podcast is copyrighted by Vatican Radio which, according to its statute, is entrusted to manage and protect the sound recordings of the Roman Pontiff, ensuring that their pastoral character and intellectual property&#8217;s rights are protected when used by third parties. The content of this podcast is made available only for personal and private use and cannot be exploited for commercial purposes, without prior written authorization by Vatican Radio. For further information, please contact the International Relation Office at relint@vatiradio.va)<\/em><\/span><\/p>\n","protected":false},"excerpt":{"rendered":"<p>Salmo 136 (135) Cari fratelli e sorelle, oggi vorrei meditare con voi un Salmo che riassume tutta la storia della salvezza di cui l\u2019Antico Testamento ci d\u00e0 testimonianza. Si tratta di un grande inno di lode che celebra il Signore nelle molteplici, ripetute manifestazioni della sua bont\u00e0 lungo la storia degli uomini; \u00e8 il\u00a0Salmo\u00a0136 \u2013&#8230;<\/p>\n","protected":false},"author":3,"featured_media":0,"comment_status":"closed","ping_status":"closed","sticky":false,"template":"","format":"standard","meta":{"_kad_post_transparent":"","_kad_post_title":"","_kad_post_layout":"","_kad_post_sidebar_id":"","_kad_post_content_style":"","_kad_post_vertical_padding":"","_kad_post_feature":"","_kad_post_feature_position":"","_kad_post_header":false,"_kad_post_footer":false,"_kad_post_classname":"","footnotes":""},"categories":[101,127],"tags":[65,9],"class_list":["post-232819","post","type-post","status-publish","format-standard","hentry","category-101","category-benedetto-xvi","tag-udienza-generale","tag-vaticano"],"_links":{"self":[{"href":"https:\/\/archivio.cercoiltuovolto.it\/index.php?rest_route=\/wp\/v2\/posts\/232819","targetHints":{"allow":["GET"]}}],"collection":[{"href":"https:\/\/archivio.cercoiltuovolto.it\/index.php?rest_route=\/wp\/v2\/posts"}],"about":[{"href":"https:\/\/archivio.cercoiltuovolto.it\/index.php?rest_route=\/wp\/v2\/types\/post"}],"author":[{"embeddable":true,"href":"https:\/\/archivio.cercoiltuovolto.it\/index.php?rest_route=\/wp\/v2\/users\/3"}],"replies":[{"embeddable":true,"href":"https:\/\/archivio.cercoiltuovolto.it\/index.php?rest_route=%2Fwp%2Fv2%2Fcomments&post=232819"}],"version-history":[{"count":0,"href":"https:\/\/archivio.cercoiltuovolto.it\/index.php?rest_route=\/wp\/v2\/posts\/232819\/revisions"}],"wp:attachment":[{"href":"https:\/\/archivio.cercoiltuovolto.it\/index.php?rest_route=%2Fwp%2Fv2%2Fmedia&parent=232819"}],"wp:term":[{"taxonomy":"category","embeddable":true,"href":"https:\/\/archivio.cercoiltuovolto.it\/index.php?rest_route=%2Fwp%2Fv2%2Fcategories&post=232819"},{"taxonomy":"post_tag","embeddable":true,"href":"https:\/\/archivio.cercoiltuovolto.it\/index.php?rest_route=%2Fwp%2Fv2%2Ftags&post=232819"}],"curies":[{"name":"wp","href":"https:\/\/api.w.org\/{rel}","templated":true}]}}