{"id":232816,"date":"2011-10-20T06:10:54","date_gmt":"2011-10-20T06:10:54","guid":{"rendered":"https:\/\/archivio.cercoiltuovolto.it\/?p=232816"},"modified":"2011-10-20T06:10:54","modified_gmt":"2011-10-20T06:10:54","slug":"marcellino-pane-vino-il-film","status":"publish","type":"post","link":"https:\/\/archivio.cercoiltuovolto.it\/?p=232816","title":{"rendered":"Marcellino pane e vino &#8211; il film"},"content":{"rendered":"<p><em><strong><a href=\"http:\/\/www.cercoiltuovolto.it\/wp-content\/uploads\/2011\/10\/Marcellino-Pane-E-Vino.jpg\"><img loading=\"lazy\" decoding=\"async\" class=\"alignright size-medium wp-image-20865\" title=\"Marcellino Pane E Vino\" src=\"http:\/\/www.cercoiltuovolto.it\/wp-content\/uploads\/2011\/10\/Marcellino-Pane-E-Vino-173x300.jpg\" alt=\"\" width=\"173\" height=\"300\" \/><\/a>Marcellino pane e vino<\/strong><\/em>\u00a0\u00e8 un\u00a0film\u00a0del\u00a01955\u00a0diretto da\u00a0Ladislao Vajda, presentato in concorso all&#8217;8\u00ba Festival di Cannes.<\/p>\n<p>Il protagonista del film,\u00a0Pablito Calvo, all&#8217;epoca aveva solo sei anni.<\/p>\n<p>Il film fu un grande successo di pubblico in\u00a0Italia\u00a0tanto che nel\u00a01958\u00a0il piccolo protagonista recit\u00f2 in un film con\u00a0Tot\u00f2\u00a0che sin dal titolo richiamava al film spagnolo (<em>Tot\u00f2 e Marcellino<\/em>, diretto da\u00a0Antonio Musu).<\/p>\n<p>Al protagonista del film \u00e8 dedicata una canzone che sar\u00e0 interpretata, negli anni della sua maggiore fama, da\u00a0Gigliola Cinquetti, memore, come lei stessa disse, delle emozioni che il film le procur\u00f2 quando, bambina di otto, nove anni, lo vide per la prima volta.<\/p>\n<p>Il film \u00e8 tratto dal romanzo di\u00a0Jos\u00e9 Mar\u00eda S\u00e1nchez Silva\u00a0&#8220;<em>Marcelino Pan Y Vino<\/em>&#8220;.<\/p>\n<p><a href=\"http:\/\/it.wikipedia.org\/wiki\/Marcellino_pane_e_vino\"><em>Continua su Wikipedia<\/em><\/a><\/p>\n<p style=\"text-align: center;\">http:\/\/www.youtube.com\/watch?v=XorGM3DBvkY<\/p>\n","protected":false},"excerpt":{"rendered":"<p>Marcellino pane e vino\u00a0\u00e8 un\u00a0film\u00a0del\u00a01955\u00a0diretto da\u00a0Ladislao Vajda, presentato in concorso all&#8217;8\u00ba Festival di Cannes. Il protagonista del film,\u00a0Pablito Calvo, all&#8217;epoca aveva solo sei anni. Il film fu un grande successo di pubblico in\u00a0Italia\u00a0tanto che nel\u00a01958\u00a0il piccolo protagonista recit\u00f2 in un film con\u00a0Tot\u00f2\u00a0che sin dal titolo richiamava al film spagnolo (Tot\u00f2 e Marcellino, diretto da\u00a0Antonio Musu)&#8230;.<\/p>\n","protected":false},"author":3,"featured_media":0,"comment_status":"closed","ping_status":"closed","sticky":false,"template":"","format":"standard","meta":{"_kad_post_transparent":"","_kad_post_title":"","_kad_post_layout":"","_kad_post_sidebar_id":"","_kad_post_content_style":"","_kad_post_vertical_padding":"","_kad_post_feature":"","_kad_post_feature_position":"","_kad_post_header":false,"_kad_post_footer":false,"_kad_post_classname":"","footnotes":""},"categories":[101,133],"tags":[113],"class_list":["post-232816","post","type-post","status-publish","format-standard","hentry","category-101","category-film","tag-video"],"_links":{"self":[{"href":"https:\/\/archivio.cercoiltuovolto.it\/index.php?rest_route=\/wp\/v2\/posts\/232816","targetHints":{"allow":["GET"]}}],"collection":[{"href":"https:\/\/archivio.cercoiltuovolto.it\/index.php?rest_route=\/wp\/v2\/posts"}],"about":[{"href":"https:\/\/archivio.cercoiltuovolto.it\/index.php?rest_route=\/wp\/v2\/types\/post"}],"author":[{"embeddable":true,"href":"https:\/\/archivio.cercoiltuovolto.it\/index.php?rest_route=\/wp\/v2\/users\/3"}],"replies":[{"embeddable":true,"href":"https:\/\/archivio.cercoiltuovolto.it\/index.php?rest_route=%2Fwp%2Fv2%2Fcomments&post=232816"}],"version-history":[{"count":0,"href":"https:\/\/archivio.cercoiltuovolto.it\/index.php?rest_route=\/wp\/v2\/posts\/232816\/revisions"}],"wp:attachment":[{"href":"https:\/\/archivio.cercoiltuovolto.it\/index.php?rest_route=%2Fwp%2Fv2%2Fmedia&parent=232816"}],"wp:term":[{"taxonomy":"category","embeddable":true,"href":"https:\/\/archivio.cercoiltuovolto.it\/index.php?rest_route=%2Fwp%2Fv2%2Fcategories&post=232816"},{"taxonomy":"post_tag","embeddable":true,"href":"https:\/\/archivio.cercoiltuovolto.it\/index.php?rest_route=%2Fwp%2Fv2%2Ftags&post=232816"}],"curies":[{"name":"wp","href":"https:\/\/api.w.org\/{rel}","templated":true}]}}