{"id":232813,"date":"2011-10-19T09:14:55","date_gmt":"2011-10-19T09:14:55","guid":{"rendered":"https:\/\/archivio.cercoiltuovolto.it\/?p=232813"},"modified":"2011-10-19T09:14:55","modified_gmt":"2011-10-19T09:14:55","slug":"gennaro-matino-meditazione-al-vangelo-di-marco","status":"publish","type":"post","link":"https:\/\/archivio.cercoiltuovolto.it\/?p=232813","title":{"rendered":"Gennaro Matino: meditazione al Vangelo di Marco"},"content":{"rendered":"<p style=\"text-align: justify;\">18 ottobre 2011 &#8211; Ss. Trinit\u00e0 di Napoli<\/p>\n<p style=\"text-align: justify;\">Seconda catechesi di Padre Gennaro Matino che commenta il Vangelo di San Marco,inquadrandolo dal punto di vista storico, tenendo presente a chi il suo Vangelo si rivolgeva.<\/p>\n<p style=\"text-align: center;\">\n<div class=\"entry-content-asset videofit\"><iframe loading=\"lazy\" title=\"2\u00b0 CATECHESI DI  Monsignor GENNARO MATINO-18-10-2011.SS.TRINITA&amp;apos;-NAPOLI\" width=\"720\" height=\"540\" src=\"https:\/\/www.youtube.com\/embed\/bws5epCCWpg?feature=oembed\" frameborder=\"0\" allow=\"accelerometer; autoplay; clipboard-write; encrypted-media; gyroscope; picture-in-picture; web-share\" referrerpolicy=\"strict-origin-when-cross-origin\" allowfullscreen><\/iframe><\/div>\n<\/p>\n<p style=\"text-align: left;\"><strong>\u00a0In questa occasione \u00e8 stato meditato anche il Vangelo di Luca (Lc 10,1-9)<\/strong><\/p>\n<p style=\"text-align: left;\">E&#8217; una meditazione sul significato di &#8220;servizio cristiano&#8221;,di missione : Ognuno deve ,a suo modo,annunciare il Vangelo,senza timore. Avr\u00e0 sempre l&#8217;aiuto di Dio. Quello che certo il Signore non pu\u00f2 accettare \u00e8 la vilt\u00e0 di chi,per opportunismo o quieto vivere, fa un passo indietro e lascia calpestare il Vangelo di Cristo.<\/p>\n<p style=\"text-align: center;\">\n<div class=\"entry-content-asset videofit\"><iframe loading=\"lazy\" title=\"MEDITAZIONE DI GENNARO MATINO-18-10-2011-SAN LUCA-S.S.TRINITA&amp;apos;-NAPOLI\" width=\"720\" height=\"540\" src=\"https:\/\/www.youtube.com\/embed\/1QvBl2AMpSk?feature=oembed\" frameborder=\"0\" allow=\"accelerometer; autoplay; clipboard-write; encrypted-media; gyroscope; picture-in-picture; web-share\" referrerpolicy=\"strict-origin-when-cross-origin\" allowfullscreen><\/iframe><\/div>\n<\/p>\n<p style=\"text-align: center;\">\u00a0<\/p>\n","protected":false},"excerpt":{"rendered":"<p>18 ottobre 2011 &#8211; Ss. Trinit\u00e0 di Napoli Seconda catechesi di Padre Gennaro Matino che commenta il Vangelo di San Marco,inquadrandolo dal punto di vista storico, tenendo presente a chi il suo Vangelo si rivolgeva. \u00a0In questa occasione \u00e8 stato meditato anche il Vangelo di Luca (Lc 10,1-9) E&#8217; una meditazione sul significato di &#8220;servizio&#8230;<\/p>\n","protected":false},"author":3,"featured_media":0,"comment_status":"closed","ping_status":"closed","sticky":false,"template":"","format":"standard","meta":{"_kad_post_transparent":"","_kad_post_title":"","_kad_post_layout":"","_kad_post_sidebar_id":"","_kad_post_content_style":"","_kad_post_vertical_padding":"","_kad_post_feature":"","_kad_post_feature_position":"","_kad_post_header":false,"_kad_post_footer":false,"_kad_post_classname":"","footnotes":""},"categories":[101,147],"tags":[449,464,113],"class_list":["post-232813","post","type-post","status-publish","format-standard","hentry","category-101","category-commento-al-vangelo","tag-luca","tag-marco","tag-video"],"_links":{"self":[{"href":"https:\/\/archivio.cercoiltuovolto.it\/index.php?rest_route=\/wp\/v2\/posts\/232813","targetHints":{"allow":["GET"]}}],"collection":[{"href":"https:\/\/archivio.cercoiltuovolto.it\/index.php?rest_route=\/wp\/v2\/posts"}],"about":[{"href":"https:\/\/archivio.cercoiltuovolto.it\/index.php?rest_route=\/wp\/v2\/types\/post"}],"author":[{"embeddable":true,"href":"https:\/\/archivio.cercoiltuovolto.it\/index.php?rest_route=\/wp\/v2\/users\/3"}],"replies":[{"embeddable":true,"href":"https:\/\/archivio.cercoiltuovolto.it\/index.php?rest_route=%2Fwp%2Fv2%2Fcomments&post=232813"}],"version-history":[{"count":0,"href":"https:\/\/archivio.cercoiltuovolto.it\/index.php?rest_route=\/wp\/v2\/posts\/232813\/revisions"}],"wp:attachment":[{"href":"https:\/\/archivio.cercoiltuovolto.it\/index.php?rest_route=%2Fwp%2Fv2%2Fmedia&parent=232813"}],"wp:term":[{"taxonomy":"category","embeddable":true,"href":"https:\/\/archivio.cercoiltuovolto.it\/index.php?rest_route=%2Fwp%2Fv2%2Fcategories&post=232813"},{"taxonomy":"post_tag","embeddable":true,"href":"https:\/\/archivio.cercoiltuovolto.it\/index.php?rest_route=%2Fwp%2Fv2%2Ftags&post=232813"}],"curies":[{"name":"wp","href":"https:\/\/api.w.org\/{rel}","templated":true}]}}