{"id":232809,"date":"2011-10-19T06:03:36","date_gmt":"2011-10-19T06:03:36","guid":{"rendered":"https:\/\/archivio.cercoiltuovolto.it\/?p=232809"},"modified":"2011-10-19T06:03:36","modified_gmt":"2011-10-19T06:03:36","slug":"la-persona-cresce-solo-se-e-relazione","status":"publish","type":"post","link":"https:\/\/archivio.cercoiltuovolto.it\/?p=232809","title":{"rendered":"La persona cresce solo se \u00e8 in relazione"},"content":{"rendered":"<h4>L&#8217;intervento del cardinale Scola all&#8217;Universit\u00e0 Cattolica, in occasione della presentazione del Rapporto Cei sul cambiamento demografico.<\/h4>\n<p style=\"text-align: justify;\">Sulla societ\u00e0 italiana incombe un problema che gi\u00e0 da anni si sta consolidando: \u00e8 il radicale cambiamento demografico in atto, con un forte calo delle nascite e un altrettanto ragguardevole prolungamento dell&#8217;et\u00e0 media della popolazione. Quindi pi\u00f9 anziani e centenari e meno giovani. Anche il flusso degli immigrati si sta stabilizzando e rientra man mano nei valori demografici della popolazione italiana.<\/p>\n<p style=\"text-align: justify;\">A fronte di questo problema &#8211; che ormai presenta rilievi di ordine economico e politico, oltre che di organizzazione sociale &#8211; il Comitato per il Progetto culturale della Cei ha pubblicato lo studio &#8220;<a href=\"http:\/\/www.ibs.it\/code\/9788842097747\/zzz99-cei-servizio-nazionale\/cambiamento-demografico-rapporto-proposta.html?shop=3462\">Il cambiamento demografico<\/a>&#8220;,edito da Laterza, che segue quello di due anni fa sull&#8217;educazione, e che \u00e8 stato presentato ieri all&#8217;Universit\u00e0 Cattolica di Milano da relatori di alto profilo: con l&#8217;Arcivescovo di Milano, cardinale Angelo Scola, il professor Lorenzo Ornaghi, rettore dell&#8217;ateneo, il cardinale Camillo Ruini, presidente del Comitato Cei, il professor Giancarlo Blangiardo, demografo dell&#8217;Universit\u00e0 di Milano-Bicocca, la professoressa Eugenia Scabini, preside della facolt\u00e0 di Sociologia della Cattolica, e il senatore Maurizio Sacconi, Ministro del Lavoro.<\/p>\n<p style=\"text-align: center;\">\n<div class=\"entry-content-asset videofit\"><iframe loading=\"lazy\" title=\"\u00abLa persona cresce solo se \u00e8 in relazione\u00bb\" width=\"720\" height=\"540\" src=\"https:\/\/www.youtube.com\/embed\/B83SysBJA_Q?feature=oembed\" frameborder=\"0\" allow=\"accelerometer; autoplay; clipboard-write; encrypted-media; gyroscope; picture-in-picture; web-share\" referrerpolicy=\"strict-origin-when-cross-origin\" allowfullscreen><\/iframe><\/div><\/p>\n","protected":false},"excerpt":{"rendered":"<p>L&#8217;intervento del cardinale Scola all&#8217;Universit\u00e0 Cattolica, in occasione della presentazione del Rapporto Cei sul cambiamento demografico. Sulla societ\u00e0 italiana incombe un problema che gi\u00e0 da anni si sta consolidando: \u00e8 il radicale cambiamento demografico in atto, con un forte calo delle nascite e un altrettanto ragguardevole prolungamento dell&#8217;et\u00e0 media della popolazione. Quindi pi\u00f9 anziani e&#8230;<\/p>\n","protected":false},"author":3,"featured_media":0,"comment_status":"closed","ping_status":"closed","sticky":false,"template":"","format":"standard","meta":{"_kad_post_transparent":"","_kad_post_title":"","_kad_post_layout":"","_kad_post_sidebar_id":"","_kad_post_content_style":"","_kad_post_vertical_padding":"","_kad_post_feature":"","_kad_post_feature_position":"","_kad_post_header":false,"_kad_post_footer":false,"_kad_post_classname":"","footnotes":""},"categories":[101,6],"tags":[],"class_list":["post-232809","post","type-post","status-publish","format-standard","hentry","category-101","category-video"],"_links":{"self":[{"href":"https:\/\/archivio.cercoiltuovolto.it\/index.php?rest_route=\/wp\/v2\/posts\/232809","targetHints":{"allow":["GET"]}}],"collection":[{"href":"https:\/\/archivio.cercoiltuovolto.it\/index.php?rest_route=\/wp\/v2\/posts"}],"about":[{"href":"https:\/\/archivio.cercoiltuovolto.it\/index.php?rest_route=\/wp\/v2\/types\/post"}],"author":[{"embeddable":true,"href":"https:\/\/archivio.cercoiltuovolto.it\/index.php?rest_route=\/wp\/v2\/users\/3"}],"replies":[{"embeddable":true,"href":"https:\/\/archivio.cercoiltuovolto.it\/index.php?rest_route=%2Fwp%2Fv2%2Fcomments&post=232809"}],"version-history":[{"count":0,"href":"https:\/\/archivio.cercoiltuovolto.it\/index.php?rest_route=\/wp\/v2\/posts\/232809\/revisions"}],"wp:attachment":[{"href":"https:\/\/archivio.cercoiltuovolto.it\/index.php?rest_route=%2Fwp%2Fv2%2Fmedia&parent=232809"}],"wp:term":[{"taxonomy":"category","embeddable":true,"href":"https:\/\/archivio.cercoiltuovolto.it\/index.php?rest_route=%2Fwp%2Fv2%2Fcategories&post=232809"},{"taxonomy":"post_tag","embeddable":true,"href":"https:\/\/archivio.cercoiltuovolto.it\/index.php?rest_route=%2Fwp%2Fv2%2Ftags&post=232809"}],"curies":[{"name":"wp","href":"https:\/\/api.w.org\/{rel}","templated":true}]}}