{"id":232803,"date":"2011-10-18T06:00:39","date_gmt":"2011-10-18T06:00:39","guid":{"rendered":"https:\/\/archivio.cercoiltuovolto.it\/?p=232803"},"modified":"2011-10-18T06:00:39","modified_gmt":"2011-10-18T06:00:39","slug":"commento-al-vangelo-del-23-ottobre-2011-don-claudio-doglio","status":"publish","type":"post","link":"https:\/\/archivio.cercoiltuovolto.it\/?p=232803","title":{"rendered":"Commento al Vangelo del 23 ottobre 2011 &#8211; don Claudio Doglio"},"content":{"rendered":"<p style=\"text-align: center;\">\n<p style=\"text-align: justify;\">Il commento alle Letture della <strong>XXX Domenica del Tempo Ordinario<\/strong> a cura di don Claudio Doglio.<\/p>\n<blockquote>\n<p style=\"text-align: justify;\"><em>Mt 22, 34-40<\/em><br \/><em>Dal Vangelo secondo\u00a0Matteo<\/em><\/p>\n<p>In quel tempo, i farisei, avendo udito che Ges\u00f9 aveva chiuso la bocca ai sadduc\u00e8i, si riunirono insieme e uno di loro, un dottore della Legge, lo interrog\u00f2 per metterlo alla prova: \u00abMaestro, nella Legge, qual \u00e8 il grande comandamento?\u00bb.<br \/>Gli rispose: \u00ab\u201dAmerai il Signore tuo Dio con tutto il tuo cuore, con tutta la tua anima e con tutta la tua mente\u201d. Questo \u00e8 il grande e primo comandamento. Il secondo poi \u00e8 simile a quello: \u201cAmerai il tuo prossimo come te stesso\u201d. Da questi due comandamenti dipendono tutta la Legge e i Profeti\u00bb.<\/p>\n<p>C: Parola del Signore.<br \/>A: Lode a Te o Cristo.<\/p>\n<\/blockquote>\n<p class=\"link\" style=\"text-align: left;\"><a href=\"http:\/\/www.youtube.com\/watch?v=DYIb9717xDc\">Link al video<\/a><\/p>\n","protected":false},"excerpt":{"rendered":"<p>Il commento alle Letture della XXX Domenica del Tempo Ordinario a cura di don Claudio Doglio. Mt 22, 34-40Dal Vangelo secondo\u00a0Matteo In quel tempo, i farisei, avendo udito che Ges\u00f9 aveva chiuso la bocca ai sadduc\u00e8i, si riunirono insieme e uno di loro, un dottore della Legge, lo interrog\u00f2 per metterlo alla prova: \u00abMaestro, nella&#8230;<\/p>\n","protected":false},"author":3,"featured_media":0,"comment_status":"closed","ping_status":"closed","sticky":false,"template":"","format":"standard","meta":{"_kad_post_transparent":"","_kad_post_title":"","_kad_post_layout":"","_kad_post_sidebar_id":"","_kad_post_content_style":"","_kad_post_vertical_padding":"","_kad_post_feature":"","_kad_post_feature_position":"","_kad_post_header":false,"_kad_post_footer":false,"_kad_post_classname":"","footnotes":""},"categories":[101,147],"tags":[208,24,172],"class_list":["post-232803","post","type-post","status-publish","format-standard","hentry","category-101","category-commento-al-vangelo","tag-don-claudio-doglio","tag-televisione","tag-vangelo-della-domenica"],"_links":{"self":[{"href":"https:\/\/archivio.cercoiltuovolto.it\/index.php?rest_route=\/wp\/v2\/posts\/232803","targetHints":{"allow":["GET"]}}],"collection":[{"href":"https:\/\/archivio.cercoiltuovolto.it\/index.php?rest_route=\/wp\/v2\/posts"}],"about":[{"href":"https:\/\/archivio.cercoiltuovolto.it\/index.php?rest_route=\/wp\/v2\/types\/post"}],"author":[{"embeddable":true,"href":"https:\/\/archivio.cercoiltuovolto.it\/index.php?rest_route=\/wp\/v2\/users\/3"}],"replies":[{"embeddable":true,"href":"https:\/\/archivio.cercoiltuovolto.it\/index.php?rest_route=%2Fwp%2Fv2%2Fcomments&post=232803"}],"version-history":[{"count":0,"href":"https:\/\/archivio.cercoiltuovolto.it\/index.php?rest_route=\/wp\/v2\/posts\/232803\/revisions"}],"wp:attachment":[{"href":"https:\/\/archivio.cercoiltuovolto.it\/index.php?rest_route=%2Fwp%2Fv2%2Fmedia&parent=232803"}],"wp:term":[{"taxonomy":"category","embeddable":true,"href":"https:\/\/archivio.cercoiltuovolto.it\/index.php?rest_route=%2Fwp%2Fv2%2Fcategories&post=232803"},{"taxonomy":"post_tag","embeddable":true,"href":"https:\/\/archivio.cercoiltuovolto.it\/index.php?rest_route=%2Fwp%2Fv2%2Ftags&post=232803"}],"curies":[{"name":"wp","href":"https:\/\/api.w.org\/{rel}","templated":true}]}}