{"id":232791,"date":"2011-10-16T12:00:57","date_gmt":"2011-10-16T12:00:57","guid":{"rendered":"https:\/\/archivio.cercoiltuovolto.it\/?p=232791"},"modified":"2011-10-16T12:00:57","modified_gmt":"2011-10-16T12:00:57","slug":"commento-al-vangelo-di-domenica-23-ottobre-2011-p-fernando-armellini","status":"publish","type":"post","link":"https:\/\/archivio.cercoiltuovolto.it\/?p=232791","title":{"rendered":"Commento al Vangelo di domenica 23 ottobre 2011 &#8211; p. Fernando Armellini"},"content":{"rendered":"<p style=\"text-align: center;\"><a href=\"http:\/\/www.cercoiltuovolto.it\/wp-content\/uploads\/2010\/11\/armellini.png\"><img loading=\"lazy\" decoding=\"async\" class=\"aligncenter size-full wp-image-15492\" style=\"border: 0pt none;\" title=\"p. Fernando Armellini\" src=\"http:\/\/www.cercoiltuovolto.it\/wp-content\/uploads\/2010\/11\/armellini.png\" alt=\"\" width=\"475\" height=\"132\" \/><\/a><\/p>\n<p><a href=\"http:\/\/www.dehoniani.it\/fernando\/\">Padre Fernando Armellini, biblista Dehoniano<\/a>, commenta il Vangelo di domenica prossima.<\/p>\n<blockquote style=\"text-align: justify;\">\n<p style=\"text-align: justify;\"><em><em>Mt 22, 34-40<\/em><br \/><em>Dal Vangelo secondo\u00a0Matteo<\/em><\/p>\n<p>In quel tempo, i farisei, avendo udito che Ges\u00f9 aveva chiuso la bocca ai sadduc\u00e8i, si riunirono insieme e uno di loro, un dottore della Legge, lo interrog\u00f2 per metterlo alla prova: \u00abMaestro, nella Legge, qual \u00e8 il grande comandamento?\u00bb.<br \/>Gli rispose: \u00ab\u201dAmerai il Signore tuo Dio con tutto il tuo cuore, con tutta la tua anima e con tutta la tua mente\u201d. Questo \u00e8 il grande e primo comandamento. Il secondo poi \u00e8 simile a quello: \u201cAmerai il tuo prossimo come te stesso\u201d. Da questi due comandamenti dipendono tutta la Legge e i Profeti\u00bb.<\/p>\n<p>C: Parola del Signore.<br \/>A: Lode a Te o Cristo.<br \/><\/em><\/p>\n<\/blockquote>\n<p class=\"link\" style=\"text-align: left;\"><a href=\"http:\/\/www.youtube.com\/watch?v=HvcbKF3Xlm0&amp;feature=youtube_gdata\">Link al video<\/a><\/p>\n<p><!--adsense--><\/p>\n","protected":false},"excerpt":{"rendered":"<p>Padre Fernando Armellini, biblista Dehoniano, commenta il Vangelo di domenica prossima. Mt 22, 34-40Dal Vangelo secondo\u00a0Matteo In quel tempo, i farisei, avendo udito che Ges\u00f9 aveva chiuso la bocca ai sadduc\u00e8i, si riunirono insieme e uno di loro, un dottore della Legge, lo interrog\u00f2 per metterlo alla prova: \u00abMaestro, nella Legge, qual \u00e8 il grande&#8230;<\/p>\n","protected":false},"author":3,"featured_media":0,"comment_status":"closed","ping_status":"closed","sticky":false,"template":"","format":"standard","meta":{"_kad_post_transparent":"","_kad_post_title":"","_kad_post_layout":"","_kad_post_sidebar_id":"","_kad_post_content_style":"","_kad_post_vertical_padding":"","_kad_post_feature":"","_kad_post_feature_position":"","_kad_post_header":false,"_kad_post_footer":false,"_kad_post_classname":"","footnotes":""},"categories":[101,147],"tags":[429,172,83],"class_list":["post-232791","post","type-post","status-publish","format-standard","hentry","category-101","category-commento-al-vangelo","tag-p-fernando-armellini","tag-vangelo-della-domenica","tag-youtube"],"_links":{"self":[{"href":"https:\/\/archivio.cercoiltuovolto.it\/index.php?rest_route=\/wp\/v2\/posts\/232791","targetHints":{"allow":["GET"]}}],"collection":[{"href":"https:\/\/archivio.cercoiltuovolto.it\/index.php?rest_route=\/wp\/v2\/posts"}],"about":[{"href":"https:\/\/archivio.cercoiltuovolto.it\/index.php?rest_route=\/wp\/v2\/types\/post"}],"author":[{"embeddable":true,"href":"https:\/\/archivio.cercoiltuovolto.it\/index.php?rest_route=\/wp\/v2\/users\/3"}],"replies":[{"embeddable":true,"href":"https:\/\/archivio.cercoiltuovolto.it\/index.php?rest_route=%2Fwp%2Fv2%2Fcomments&post=232791"}],"version-history":[{"count":0,"href":"https:\/\/archivio.cercoiltuovolto.it\/index.php?rest_route=\/wp\/v2\/posts\/232791\/revisions"}],"wp:attachment":[{"href":"https:\/\/archivio.cercoiltuovolto.it\/index.php?rest_route=%2Fwp%2Fv2%2Fmedia&parent=232791"}],"wp:term":[{"taxonomy":"category","embeddable":true,"href":"https:\/\/archivio.cercoiltuovolto.it\/index.php?rest_route=%2Fwp%2Fv2%2Fcategories&post=232791"},{"taxonomy":"post_tag","embeddable":true,"href":"https:\/\/archivio.cercoiltuovolto.it\/index.php?rest_route=%2Fwp%2Fv2%2Ftags&post=232791"}],"curies":[{"name":"wp","href":"https:\/\/api.w.org\/{rel}","templated":true}]}}