{"id":232773,"date":"2011-10-14T06:02:31","date_gmt":"2011-10-14T06:02:31","guid":{"rendered":"https:\/\/archivio.cercoiltuovolto.it\/?p=232773"},"modified":"2011-10-14T06:02:31","modified_gmt":"2011-10-14T06:02:31","slug":"uomini-profeti-leggere-la-bibbia-profeti-leggono-la-storia","status":"publish","type":"post","link":"https:\/\/archivio.cercoiltuovolto.it\/?p=232773","title":{"rendered":"Uomini e Profeti: Leggere la Bibbia \u2013 I Profeti leggono la storia"},"content":{"rendered":"<p style=\"text-align: center;\"><a href=\"http:\/\/www.cercoiltuovolto.it\/wp-content\/uploads\/2011\/10\/Michelangelo_profeti_Jeremiah_02.jpg\"><img loading=\"lazy\" decoding=\"async\" class=\"aligncenter size-large wp-image-20687\" title=\"Michelangelo,_profeti,_Jeremiah_02\" src=\"http:\/\/www.cercoiltuovolto.it\/wp-content\/uploads\/2011\/10\/Michelangelo_profeti_Jeremiah_02-569x450.jpg\" alt=\"\" width=\"569\" height=\"450\" \/><\/a><\/p>\n<p><strong><em><strong>Guai alla nazione peccatrice. I Profeti leggono la storia<\/strong><\/em> &#8211; con <strong>Jean Louis Ska<\/strong><\/strong><\/p>\n<p><em>domenica 9 ottobre 2011<\/em><\/p>\n<p align=\"justify\">Riprendiamo la lettura della Bibbia da dove l\u2019avevamo lasciata, cio\u00e8 dalla fine dei libri dei Profeti anteriori. Ma prima di accostarci alla \u201cteologia\u201d dei profeti cosiddetti \u201cscrittori\u201d \u2013 che sono\u00a0 di grande risonanza poetica, immaginifica, etica, spirituale \u2013\u00a0 e per collocare dovutamente il senso delle loro parole, abbiamo bisogno di fermarci ancora sulla questione della \u201cstoricit\u00e0\u201d di questi testi. In che misura \u00a0ci\u00f2 di cui parlano \u00e8 riconducibile a una realt\u00e0 dei fatti storici a cui si riferiscono? Quanto \u00e8 invece riconducibile all\u2019intenzione degli scrittori di dare fondamento teologico e identitario a una vicenda elaborata visionariamente? Che cosa rimane di quella fede se quasi nulla di ci\u00f2 che viene raccontato ha riscontro storico? La \u201cteologia tradizionale\u201d afferma che il Dio della Bibbia \u00e8 un Dio che agisce nella storia, al contrario delle divinit\u00e0 pagane che appartengono al mondo immaginario del mito: se quella storia \u00e8 cos\u00ec radicalmente diversa da come ci viene presentata in che cosa consiste l\u2019azione di Dio? Ne parliamo con\u00a0Jean Louis Ska, un biblista che ha riflettuto a lungo sulla questione.\u00a0<\/p>\n<p align=\"justify\"><strong>Ascolto Musicale<\/strong><br \/>Carl Loewe &#8211;\u00a0Saul und Samuel op.14,1\u00a0&#8211; \u00a0et.\u00a0CPO<\/p>\n<p align=\"justify\"><strong>Suggerimenti di lettura\u00a0<\/strong><\/p>\n<p align=\"justify\"><a href=\"http:\/\/www.libreriadelsanto.it\/libri\/9788830810105\/la-parola-di-dio-nei-racconti-degli-uomini.html?p=sot\">Jean Louis Ska,\u00a0La Parola di Dio nei racconti degli uomini, Cittadella editrice 1999; 2010<\/a><\/p>\n<div class=\"powerpressbox\" style=\"text-align: justify;\">[powerpress]<\/div>\n<p class=\"link\" style=\"text-align: justify;\">Fonte: <a href=\"http:\/\/www.radio3.rai.it\/dl\/radio3\/programmi\/puntata\/ContentItem-b1561e8c-e054-47a8-86a1-99779cca6c81.html\">Radio Rai 3<\/a> &#8211; <a href=\"http:\/\/www.rai.it\/dl\/audio\/1318239754205leggere_la_bibbia2011_10_09.ram\">file real media<\/a><\/p>\n<p class=\"ascolta\" style=\"text-align: justify;\"><a href=\"http:\/\/cid-7e678cf4a2bd73de.office.live.com\/browse.aspx\/.Public\/Radio%20Rai\/Lettura%20della%20Bibbia%202010%20-%20Uomini%20e%20Profeti%20-%20Radio%20Rai%203\" target=\"_blank\">Mirror per il file mp3<\/a> (in caso di mancato funzionamento del podcast RAI)<\/p>\n<p class=\"ascolta\" style=\"text-align: justify;\"><a href=\"http:\/\/itunes.apple.com\/it\/podcast\/rai-podcast-radio3\/id138738803\">Link al podcast su iTunes<\/a><\/p>\n","protected":false},"excerpt":{"rendered":"<p>Guai alla nazione peccatrice. I Profeti leggono la storia &#8211; con Jean Louis Ska domenica 9 ottobre 2011 Riprendiamo la lettura della Bibbia da dove l\u2019avevamo lasciata, cio\u00e8 dalla fine dei libri dei Profeti anteriori. Ma prima di accostarci alla \u201cteologia\u201d dei profeti cosiddetti \u201cscrittori\u201d \u2013 che sono\u00a0 di grande risonanza poetica, immaginifica, etica, spirituale&#8230;<\/p>\n","protected":false},"author":3,"featured_media":0,"comment_status":"closed","ping_status":"closed","sticky":false,"template":"","format":"standard","meta":{"_kad_post_transparent":"","_kad_post_title":"","_kad_post_layout":"","_kad_post_sidebar_id":"","_kad_post_content_style":"","_kad_post_vertical_padding":"","_kad_post_feature":"","_kad_post_feature_position":"","_kad_post_header":false,"_kad_post_footer":false,"_kad_post_classname":"","footnotes":""},"categories":[101,4],"tags":[23,428,31],"class_list":["post-232773","post","type-post","status-publish","format-standard","hentry","category-101","category-audio-cattolici","tag-bibbia","tag-profeti","tag-radio-nel-web"],"_links":{"self":[{"href":"https:\/\/archivio.cercoiltuovolto.it\/index.php?rest_route=\/wp\/v2\/posts\/232773","targetHints":{"allow":["GET"]}}],"collection":[{"href":"https:\/\/archivio.cercoiltuovolto.it\/index.php?rest_route=\/wp\/v2\/posts"}],"about":[{"href":"https:\/\/archivio.cercoiltuovolto.it\/index.php?rest_route=\/wp\/v2\/types\/post"}],"author":[{"embeddable":true,"href":"https:\/\/archivio.cercoiltuovolto.it\/index.php?rest_route=\/wp\/v2\/users\/3"}],"replies":[{"embeddable":true,"href":"https:\/\/archivio.cercoiltuovolto.it\/index.php?rest_route=%2Fwp%2Fv2%2Fcomments&post=232773"}],"version-history":[{"count":0,"href":"https:\/\/archivio.cercoiltuovolto.it\/index.php?rest_route=\/wp\/v2\/posts\/232773\/revisions"}],"wp:attachment":[{"href":"https:\/\/archivio.cercoiltuovolto.it\/index.php?rest_route=%2Fwp%2Fv2%2Fmedia&parent=232773"}],"wp:term":[{"taxonomy":"category","embeddable":true,"href":"https:\/\/archivio.cercoiltuovolto.it\/index.php?rest_route=%2Fwp%2Fv2%2Fcategories&post=232773"},{"taxonomy":"post_tag","embeddable":true,"href":"https:\/\/archivio.cercoiltuovolto.it\/index.php?rest_route=%2Fwp%2Fv2%2Ftags&post=232773"}],"curies":[{"name":"wp","href":"https:\/\/api.w.org\/{rel}","templated":true}]}}