{"id":232765,"date":"2011-10-12T06:22:51","date_gmt":"2011-10-12T06:22:51","guid":{"rendered":"https:\/\/archivio.cercoiltuovolto.it\/?p=232765"},"modified":"2011-10-12T06:22:51","modified_gmt":"2011-10-12T06:22:51","slug":"il-vangelo-la-storia-di-gesu-spiegata-ai-bambini","status":"publish","type":"post","link":"https:\/\/archivio.cercoiltuovolto.it\/?p=232765","title":{"rendered":"Il Vangelo &#8211; La storia di Gesu&#8217; spiegata ai bambini"},"content":{"rendered":"<p style=\"text-align: justify;\"><a href=\"http:\/\/www.cercoiltuovolto.it\/wp-content\/uploads\/2011\/10\/ilVANGELO.jpg\"><img loading=\"lazy\" decoding=\"async\" class=\"size-medium wp-image-20658 alignleft\" title=\"ilVANGELO\" src=\"http:\/\/www.cercoiltuovolto.it\/wp-content\/uploads\/2011\/10\/ilVANGELO-270x300.jpg\" alt=\"\" width=\"270\" height=\"300\" \/><\/a>Il Vangelo, la storia di Ges\u00f9 spiegata ai bambini, \u00e8 un libro con suggestive illustrazioni che presenta la vita di Ges\u00f9 con un linguaggio semplice e vicino ai pi\u00f9 piccoli.<\/p>\n<p style=\"text-align: justify;\">Paolo e Caterina sono due bambini molto curiosi, come tutti i bambini del resto! Hanno sentito da qualcuno la parola &#8220;Vangelo&#8221; e chiedono alla maestra e ai loro genitori di conoscerne il significato. Come risponderanno, gli adulti interpellati, alla domanda: che cos&#8217;\u00e8 il Vangelo? Ecco una delle possibili risposte: la parola &#8220;Vangelo&#8221; significa &#8220;buona notizia&#8221;, &#8220;lieto annuncio&#8221;. Anticamente veniva usata come annuncio di vittoria. Ges\u00f9 la us\u00f2, invece, per confermare che quello che avevano detto i profeti sulla sua venuta si era avverato. Quando Ges\u00f9 era in vita diceva infatti: &#8220;Il tempo \u00e8 compiuto e il Regno di Dio \u00e8 giunto. Convertitevi e credete al Vangelo&#8221;. Ges\u00f9 fu il primo evangelizzatore, annunci\u00f2 cio\u00e8 la buona novella, la notizia che: la salvezza era giunta. San Paolo, che \u00e8 ritenuto insieme a Ges\u00f9 Cristo il co-fondatore del Cristianesimo, us\u00f2 la parola &#8220;Vangelo&#8221; per indicare l&#8217;annuncio della morte e Resurrezione di Ges\u00f9. Per San Paolo &#8220;Vangelo&#8221; \u00e8 la parola viva e potente del Signore Ges\u00f9. Con la parola &#8220;Vangelo&#8221; si indicher\u00e0 in seguito un insieme di libri che narrano la storia di Ges\u00f9.<\/p>\n<p style=\"text-align: center;\">\n<div class=\"entry-content-asset videofit\"><iframe loading=\"lazy\" title=\"IL VANGELO La storia di Gesu\u0300 spiegata ai bambini\" width=\"720\" height=\"405\" src=\"https:\/\/www.youtube.com\/embed\/VnllMoI173g?feature=oembed\" frameborder=\"0\" allow=\"accelerometer; autoplay; clipboard-write; encrypted-media; gyroscope; picture-in-picture; web-share\" referrerpolicy=\"strict-origin-when-cross-origin\" allowfullscreen><\/iframe><\/div>\n<\/p>\n<h3><a href=\"http:\/\/www.tresei.com\/showlibro.asp?id=548&amp;idp=101\">Per acquistare il libretto<\/a> | <a href=\"http:\/\/it.calameo.com\/read\/00037627717ab9e3ea603\" target=\"_blank\">Una demo del libretto<\/a><\/h3>\n<p>&nbsp;<\/p>\n","protected":false},"excerpt":{"rendered":"<p>Il Vangelo, la storia di Ges\u00f9 spiegata ai bambini, \u00e8 un libro con suggestive illustrazioni che presenta la vita di Ges\u00f9 con un linguaggio semplice e vicino ai pi\u00f9 piccoli. Paolo e Caterina sono due bambini molto curiosi, come tutti i bambini del resto! Hanno sentito da qualcuno la parola &#8220;Vangelo&#8221; e chiedono alla maestra&#8230;<\/p>\n","protected":false},"author":3,"featured_media":0,"comment_status":"closed","ping_status":"closed","sticky":false,"template":"","format":"standard","meta":{"_kad_post_transparent":"","_kad_post_title":"","_kad_post_layout":"","_kad_post_sidebar_id":"","_kad_post_content_style":"","_kad_post_vertical_padding":"","_kad_post_feature":"","_kad_post_feature_position":"","_kad_post_header":false,"_kad_post_footer":false,"_kad_post_classname":"","footnotes":""},"categories":[101,290],"tags":[37,17],"class_list":["post-232765","post","type-post","status-publish","format-standard","hentry","category-101","category-bambini","tag-gesu","tag-libri"],"_links":{"self":[{"href":"https:\/\/archivio.cercoiltuovolto.it\/index.php?rest_route=\/wp\/v2\/posts\/232765","targetHints":{"allow":["GET"]}}],"collection":[{"href":"https:\/\/archivio.cercoiltuovolto.it\/index.php?rest_route=\/wp\/v2\/posts"}],"about":[{"href":"https:\/\/archivio.cercoiltuovolto.it\/index.php?rest_route=\/wp\/v2\/types\/post"}],"author":[{"embeddable":true,"href":"https:\/\/archivio.cercoiltuovolto.it\/index.php?rest_route=\/wp\/v2\/users\/3"}],"replies":[{"embeddable":true,"href":"https:\/\/archivio.cercoiltuovolto.it\/index.php?rest_route=%2Fwp%2Fv2%2Fcomments&post=232765"}],"version-history":[{"count":0,"href":"https:\/\/archivio.cercoiltuovolto.it\/index.php?rest_route=\/wp\/v2\/posts\/232765\/revisions"}],"wp:attachment":[{"href":"https:\/\/archivio.cercoiltuovolto.it\/index.php?rest_route=%2Fwp%2Fv2%2Fmedia&parent=232765"}],"wp:term":[{"taxonomy":"category","embeddable":true,"href":"https:\/\/archivio.cercoiltuovolto.it\/index.php?rest_route=%2Fwp%2Fv2%2Fcategories&post=232765"},{"taxonomy":"post_tag","embeddable":true,"href":"https:\/\/archivio.cercoiltuovolto.it\/index.php?rest_route=%2Fwp%2Fv2%2Ftags&post=232765"}],"curies":[{"name":"wp","href":"https:\/\/api.w.org\/{rel}","templated":true}]}}