{"id":232744,"date":"2011-10-07T06:00:33","date_gmt":"2011-10-07T06:00:33","guid":{"rendered":"https:\/\/archivio.cercoiltuovolto.it\/?p=232744"},"modified":"2011-10-07T06:00:33","modified_gmt":"2011-10-07T06:00:33","slug":"torino-spiritualita-2011-credere-sul-limite","status":"publish","type":"post","link":"https:\/\/archivio.cercoiltuovolto.it\/?p=232744","title":{"rendered":"Torino Spiritualit\u00e0 2011 &#8211; Credere sul limite"},"content":{"rendered":"<p><a href=\"http:\/\/www.cercoiltuovolto.it\/wp-content\/uploads\/2011\/10\/Torino_Spiritualita.jpg\"><img loading=\"lazy\" decoding=\"async\" class=\"alignleft size-thumbnail wp-image-20574\" title=\"Torino_Spiritualita\" src=\"http:\/\/www.cercoiltuovolto.it\/wp-content\/uploads\/2011\/10\/Torino_Spiritualita-173x130.jpg\" alt=\"\" width=\"173\" height=\"130\" \/><\/a><a title=\"Libro: Vito Mancuso \u2013 Io e Dio\" href=\"http:\/\/www.cercoiltuovolto.it\/2011\/libri\/vito-mancuso-io-e-dio\/\">VITO MANCUSO<\/a> e GIANNI VATTIMO <br \/>con Marco POLITI<\/p>\n<p style=\"text-align: justify;\">L\u2019esperienza del mondo \u00e8 cos\u00ec mutata rispetto al passato che avere fede oggi (senza mettere a tacere il pensiero) provoca non poche perplessit\u00e0: su Dio, sul suo rapporto con l\u2019uomo, sulla vita della Chiesa. Queste perplessit\u00e0 sono tali da imporre un cambiamento della fede quale \u00e8 stata de\ufb01 nita dalla tradizione, sia a livello di dottrina sia di spiritualit\u00e0. Si potrebbe affermare che solo cambiando il Cristianesimo potr\u00e0 tornare a essere \u201cvangelo\u201d, cio\u00e8 una buona notizia.<\/p>\n<p>\u00a0<\/p>\n","protected":false},"excerpt":{"rendered":"<p>VITO MANCUSO e GIANNI VATTIMO con Marco POLITI L\u2019esperienza del mondo \u00e8 cos\u00ec mutata rispetto al passato che avere fede oggi (senza mettere a tacere il pensiero) provoca non poche perplessit\u00e0: su Dio, sul suo rapporto con l\u2019uomo, sulla vita della Chiesa. Queste perplessit\u00e0 sono tali da imporre un cambiamento della fede quale \u00e8 stata&#8230;<\/p>\n","protected":false},"author":3,"featured_media":0,"comment_status":"closed","ping_status":"closed","sticky":false,"template":"","format":"standard","meta":{"_kad_post_transparent":"","_kad_post_title":"","_kad_post_layout":"","_kad_post_sidebar_id":"","_kad_post_content_style":"","_kad_post_vertical_padding":"","_kad_post_feature":"","_kad_post_feature_position":"","_kad_post_header":false,"_kad_post_footer":false,"_kad_post_classname":"","footnotes":""},"categories":[101,126],"tags":[57,16,86],"class_list":["post-232744","post","type-post","status-publish","format-standard","hentry","category-101","category-chiesa","tag-conferenze","tag-cristianesimo","tag-spiritualita"],"_links":{"self":[{"href":"https:\/\/archivio.cercoiltuovolto.it\/index.php?rest_route=\/wp\/v2\/posts\/232744","targetHints":{"allow":["GET"]}}],"collection":[{"href":"https:\/\/archivio.cercoiltuovolto.it\/index.php?rest_route=\/wp\/v2\/posts"}],"about":[{"href":"https:\/\/archivio.cercoiltuovolto.it\/index.php?rest_route=\/wp\/v2\/types\/post"}],"author":[{"embeddable":true,"href":"https:\/\/archivio.cercoiltuovolto.it\/index.php?rest_route=\/wp\/v2\/users\/3"}],"replies":[{"embeddable":true,"href":"https:\/\/archivio.cercoiltuovolto.it\/index.php?rest_route=%2Fwp%2Fv2%2Fcomments&post=232744"}],"version-history":[{"count":0,"href":"https:\/\/archivio.cercoiltuovolto.it\/index.php?rest_route=\/wp\/v2\/posts\/232744\/revisions"}],"wp:attachment":[{"href":"https:\/\/archivio.cercoiltuovolto.it\/index.php?rest_route=%2Fwp%2Fv2%2Fmedia&parent=232744"}],"wp:term":[{"taxonomy":"category","embeddable":true,"href":"https:\/\/archivio.cercoiltuovolto.it\/index.php?rest_route=%2Fwp%2Fv2%2Fcategories&post=232744"},{"taxonomy":"post_tag","embeddable":true,"href":"https:\/\/archivio.cercoiltuovolto.it\/index.php?rest_route=%2Fwp%2Fv2%2Ftags&post=232744"}],"curies":[{"name":"wp","href":"https:\/\/api.w.org\/{rel}","templated":true}]}}