{"id":232736,"date":"2011-10-08T06:00:20","date_gmt":"2011-10-08T06:00:20","guid":{"rendered":"https:\/\/archivio.cercoiltuovolto.it\/?p=232736"},"modified":"2011-10-08T06:00:20","modified_gmt":"2011-10-08T06:00:20","slug":"gino-rigoldi-io-cristiano-voi","status":"publish","type":"post","link":"https:\/\/archivio.cercoiltuovolto.it\/?p=232736","title":{"rendered":"Gino Rigoldi &#8211; Io cristiano come voi"},"content":{"rendered":"<p style=\"text-align: justify;\"><a href=\"http:\/\/www.cercoiltuovolto.it\/wp-content\/uploads\/2011\/10\/rigoldi_cristiano_come_voi_paoline_06h129_orig.jpg\"><img loading=\"lazy\" decoding=\"async\" class=\"alignleft size-large wp-image-20542\" title=\"rigoldi_cristiano_come_voi_paoline_06h129_orig\" src=\"http:\/\/www.cercoiltuovolto.it\/wp-content\/uploads\/2011\/10\/rigoldi_cristiano_come_voi_paoline_06h129_orig-289x450.jpg\" alt=\"\" width=\"289\" height=\"450\" \/><\/a><br \/> <em>Sono sacerdote da 43 anni e, d\u2019altra parte, anche fossi un semplice laico, nella comunit\u00e0 della Chiesa credo di avere il diritto, il dovere e un po\u2019 anche il piacere di scoprire e riproporre un bene che mi pare bello, buono e necessario per questa mia Chiesa. Invito i miei lettori a non prendere quel che ho scritto come pensieri da accettare o da rifiutare: piuttosto vi invito a ripartire dai brani e dalle questioni che ho affrontato per ripercorrerle con il vostro stesso pensiero, interrogando voi stessi e il Vangelo per costruire un dialogo vero e profondo con Ges\u00f9: pu\u00f2 darsi che arriverete a conclusioni simili alle mie o del tutto diverse, ma a quel punto saranno davvero i vostri pensieri (pag. 7).\u00a0<\/em><\/p>\n<blockquote>\n<p style=\"text-align: justify;\">Questo libro nasce da due sentimenti diversi: uno \u00e8 il piacere, l\u2019entusiasmo, la stima nei confronti dell\u2019uomo Ges\u00f9 Cristo, ascoltato, visto, conosciuto nella frequentazione quotidiana del Vangelo; l\u2019altro \u00e8 il fatto che io vivo nella Chiesa cattolica. La mia preghiera mattutina \u00e8 quella della lettura della pagina evangelica vissuta come fossi uno spettatore ad ascoltare le parole di Ges\u00f9, a osservarne i comportamenti, a interrogarlo sui pensieri e le scelte che non capisco bene, per completare la mia vita con la sua.<\/p>\n<\/blockquote>\n<p>Cos\u00ec scrive don Rigoldi nell\u2019introduzione a questo libro che potrebbe definirsi una\u00a0<em>autobiografia spirituale<\/em>\u00a0dove con libert\u00e0 e onest\u00e0 l\u2019Autore si lascia provocare da domande e considerazioni che vanno costantemente dal Vangelo alla vita quotidiana e dalla vita al Vangelo. Perch\u00e9 se la parola di Ges\u00f9 provoca e interroga la nostra vita quotidiana, anche la vita provoca una lettura sempre nuova di questa Parola a cui il cristiano \u00e8 chiamato a ispirare la propria vita e le proprie scelte personali, di relazione, di lavoro, di impegno civile.<\/p>\n<p>La libert\u00e0, l\u2019amore, la solidariet\u00e0, la preghiera, la Chiesa, la giustizia, il denaro\u2026 questi temi forti della vita del cristiano sono riletti dall\u2019Autore con un occhio critico, ma sempre ispirato al Vangelo, senza cadere nella tentazione delle frasi fatte e delle risposte preconfezionate.<\/p>\n<p>A partire dalla sua esperienza di prete impegnato nell\u2019ambito delicato del carcere per minorenni, l\u2019Autore comunica con uno stile confidenziale il suo personale percorso di fede, dove non si da nulla per scontato e invita chi legge a lasciarsi provocare dal Vangelo e a cercare, non tanto le risposte pronte, ma gli itinerari possibili. Un libro per chi cerca provocazioni pi\u00f9 che ricette.<\/p>\n<p style=\"text-align: justify;\"><strong>Don Gino (Virginio) Rigoldi<\/strong>\u00a0<br \/>milanese, \u00e8 sacerdote dal 1967. Dall\u2019inizio degli anni Settanta \u00e8 cappellano dell\u2019Istituto penale per minorenni\u00a0<em>Beccaria<\/em>\u00a0di Milano. Nel 1973 ha fondato il\u00a0<em>Gruppo amici del Beccaria<\/em>, in seguito denominato\u00a0<em>Comunit\u00e0 Nuova<\/em>, un\u2019associazione che si occupa dell\u2019accoglienza e dell\u2019inserimento sociale dei ragazzi dopo periodi di detenzione. \u00c8 membro di commissioni regionali e comunali che si occupano di minori e di tossicodipendenza. Dal 1999 ha dato avvio al progetto\u00a0<em>Le case del sorriso<\/em>, in Romania, per aiutare i bambini a rischio di abbandono. Nel 2007 ha pubblicato\u00a0<em>Il male minore. Devianza giovanile, un problema per tutti<\/em>\u00a0(Mondadori).<\/p>\n<div class=\"powerpressbox\">\n<h4>Don Rigoldi e Jovanotti insieme al Leoncavallo &#8211; Milano<\/h4>\n<p>[powerpress]<\/p>\n<\/div>\n<p class=\"acquista-paragrafo\"><a href=\"http:\/\/www.ibs.it\/code\/9788831539951\/rigoldi-gino\/io-cristiano-come-voi.html?shop=3462\" target=\"_blank\">Acquista il libro<\/a> su IBS<\/p>\n<p class=\"acquista-paragrafo\"><a href=\"http:\/\/www.libreriadelsanto.it\/libri\/9788831539951\/io-cristiano-come-voi.html?p=sot\" target=\"_blank\">Acquista il libro<\/a> su Libreria del Santo<\/p>\n<p class=\"acquista-paragrafo\"><a href=\"http:\/\/www.paoline.it\/SchedaProdottoEC.aspx?IdP=9788831539951\" target=\"_blank\">Acquista il libro<\/a> alle Paoline<\/p>\n","protected":false},"excerpt":{"rendered":"<p>Sono sacerdote da 43 anni e, d\u2019altra parte, anche fossi un semplice laico, nella comunit\u00e0 della Chiesa credo di avere il diritto, il dovere e un po\u2019 anche il piacere di scoprire e riproporre un bene che mi pare bello, buono e necessario per questa mia Chiesa. Invito i miei lettori a non prendere quel&#8230;<\/p>\n","protected":false},"author":3,"featured_media":0,"comment_status":"closed","ping_status":"closed","sticky":false,"template":"","format":"standard","meta":{"_kad_post_transparent":"","_kad_post_title":"","_kad_post_layout":"","_kad_post_sidebar_id":"","_kad_post_content_style":"","_kad_post_vertical_padding":"","_kad_post_feature":"","_kad_post_feature_position":"","_kad_post_header":false,"_kad_post_footer":false,"_kad_post_classname":"","footnotes":""},"categories":[101,510],"tags":[17],"class_list":["post-232736","post","type-post","status-publish","format-standard","hentry","category-101","category-cristiani","tag-libri"],"_links":{"self":[{"href":"https:\/\/archivio.cercoiltuovolto.it\/index.php?rest_route=\/wp\/v2\/posts\/232736","targetHints":{"allow":["GET"]}}],"collection":[{"href":"https:\/\/archivio.cercoiltuovolto.it\/index.php?rest_route=\/wp\/v2\/posts"}],"about":[{"href":"https:\/\/archivio.cercoiltuovolto.it\/index.php?rest_route=\/wp\/v2\/types\/post"}],"author":[{"embeddable":true,"href":"https:\/\/archivio.cercoiltuovolto.it\/index.php?rest_route=\/wp\/v2\/users\/3"}],"replies":[{"embeddable":true,"href":"https:\/\/archivio.cercoiltuovolto.it\/index.php?rest_route=%2Fwp%2Fv2%2Fcomments&post=232736"}],"version-history":[{"count":0,"href":"https:\/\/archivio.cercoiltuovolto.it\/index.php?rest_route=\/wp\/v2\/posts\/232736\/revisions"}],"wp:attachment":[{"href":"https:\/\/archivio.cercoiltuovolto.it\/index.php?rest_route=%2Fwp%2Fv2%2Fmedia&parent=232736"}],"wp:term":[{"taxonomy":"category","embeddable":true,"href":"https:\/\/archivio.cercoiltuovolto.it\/index.php?rest_route=%2Fwp%2Fv2%2Fcategories&post=232736"},{"taxonomy":"post_tag","embeddable":true,"href":"https:\/\/archivio.cercoiltuovolto.it\/index.php?rest_route=%2Fwp%2Fv2%2Ftags&post=232736"}],"curies":[{"name":"wp","href":"https:\/\/api.w.org\/{rel}","templated":true}]}}