{"id":232730,"date":"2011-10-04T20:40:50","date_gmt":"2011-10-04T20:40:50","guid":{"rendered":"https:\/\/archivio.cercoiltuovolto.it\/?p=232730"},"modified":"2011-10-04T20:40:50","modified_gmt":"2011-10-04T20:40:50","slug":"dvd-edicola-con-famiglia-cristiana-tra-cielo-terra","status":"publish","type":"post","link":"https:\/\/archivio.cercoiltuovolto.it\/?p=232730","title":{"rendered":"DVD &#8211; In edicola con Famiglia Cristiana &#8220;TRA CIELO E TERRA&#8221;"},"content":{"rendered":"<p style=\"text-align: center;\"><a href=\"http:\/\/www.cercoiltuovolto.it\/wp-content\/uploads\/2011\/10\/Tra-Cielo-e-Terra-1.jpg\"><img loading=\"lazy\" decoding=\"async\" class=\"aligncenter size-large wp-image-20511\" title=\"Tra Cielo e Terra\" src=\"http:\/\/www.cercoiltuovolto.it\/wp-content\/uploads\/2011\/10\/Tra-Cielo-e-Terra-1-590x238.jpg\" alt=\"\" width=\"590\" height=\"238\" \/><\/a><\/p>\n<p style=\"text-align: justify;\">Parte <strong>dal 6 ottobre<\/strong> la nuova iniziativa di <em><a href=\"http:\/\/www.famigliacristiana.it\/iniziative\/tracieloeterra\/\">Famiglia Cristiana<\/a><\/em><strong><a href=\"http:\/\/www.famigliacristiana.it\/iniziative\/tracieloeterra\/\"> &#8220;Tra cielo e terra&#8221;<\/a>,<\/strong> dodici DVD di <strong>musical religiosi<\/strong> raccolti per la prima volta in una collana. Un incontro tra fede e teatro contemporaneo, in una delle forme pi\u00f9 diffuse, quella del musical di ispirazione religiosa, che vanta oggi un&#8217;importante produzione letteraria e di qualit\u00e0.<\/p>\n<p style=\"text-align: justify;\">Si inizia dunque con la storia di San Francesco D&#8217;Assisi in <strong>&#8220;Forza venite gente&#8221;<\/strong> messo in scena da Michele Paulicelli su testi di Piero Palumbo, Mario e Piero Castellacci. Seguiranno <strong>&#8220;Non abbiate paura&#8221;<\/strong> (13 ottobre) sulla vita di Giovanni Paolo II per la regia di Gianluca Ferrato, Giuseppe Spedicato e Andrea Palotto. Padre Pio sar\u00e0 invece l&#8217;<strong>&#8220;Actor Dei&#8221;<\/strong> (20 ottobre) di Attilio e Maria Grazia Fontana. Si prosegue con <strong>&#8220;Caino e Abele&#8221;<\/strong> (27 ottobre) di Tony Cucchiara; <strong>&#8220;Maria di Nazareth&#8221; <\/strong>di Maria Pia Liotta (3 novembre); <strong>&#8220;Via Crucis&#8221;<\/strong> di Claudio Insegno (10 novembre); <strong>&#8220;La lauda di Francesco&#8221;<\/strong> con le musiche di Angelo Branduardi per la regia di Oreste Castagna (17 novembre); <strong>&#8220;Chiara di Dio&#8221; <\/strong>di Carlo Tedeschi (24 novembre); <strong>&#8220;Don Bosco&#8221; <\/strong>di Piero Castellacci (1\u00b0 dicembre); <strong>&#8220;Madre Teresa&#8221;<\/strong>, sempre di Castellacci (7 dicembre) per concludere con<strong> &#8220;L&#8217;uomo dal turbante rosso&#8221;<\/strong> (15 dicembre) e<strong> &#8220;il Risorto&#8221;<\/strong> (19 dicembre).<\/p>\n<p style=\"text-align: justify;\">[powerpress]<\/p>\n<p><strong>Le uscite:<\/strong><\/p>\n<h4><em>1a uscita dal 6 ottobre\u00a0<\/em><strong>Forza Venite Gente &#8211;\u00a0<\/strong><strong>Frate Francesco<\/strong><\/h4>\n<blockquote>\n<p style=\"text-align: justify;\"><a href=\"http:\/\/www.cercoiltuovolto.it\/wp-content\/uploads\/2011\/10\/Uscita-1.png\"><img loading=\"lazy\" decoding=\"async\" class=\"alignleft size-large wp-image-20512\" title=\"Uscita 1\" src=\"http:\/\/www.cercoiltuovolto.it\/wp-content\/uploads\/2011\/10\/Uscita-1-273x450.png\" alt=\"\" width=\"273\" height=\"450\" \/><\/a>Nuova edizione dello spettacolo che dal 1981 Michele Paulicelli, nelle vesti di Frate Francesco, porta sulle scene sempre con grande successo ed entusiasmo. Forza Venite Gente, con oltre 2500 repliche in Italia, \u00e8 la storia di Francesco d&#8217;Assisi, con particolare riguardo agli aspetti pi\u00f9 lieti della sua predicazione: la speranza, la fede nella vita, l&#8217;amore per la natura, temi particolarmente cari ai giovani.<\/p>\n<p>Alternando momenti di tenera comicit\u00e0 ed altri di profonda commozione, lo spettacolo traduce in termini attuali l&#8217;eterno conflitto tra padri e figli, tra ragione e fede, tra meschina prudenza e generoso coraggio.<\/p>\n<p><strong>Personaggi e Interpreti:<\/strong> (Frate Francesco) Michele Paulicelli, (Pietro Bernardone) Carlo Conversi,(La Cenciosa) Silvia Gigli,(Il Lupo) Roberto Bartoletti,(Santa Chiara) Barbara Coppola,(La Morte) Rossana Rossi,(Capo crociato) Pino Delle Chiaie,(Capo arabo) Achille Oliva,(La Povert\u00e0) Rita Tommassetti,(Frate Leone) Manlio Ferraro<br \/> <strong>Testi in prosa:<\/strong> Mario Castellacci, Piero Castellacci, Piero Palumbo<br \/> <strong>Musiche:<\/strong> Michele Paulicelli, Gianpaolo Belardinelli, Giancarlo De Matteis<br \/> <strong>Collaborazione alle musiche:<\/strong> Achille Oliva, Carlo Giancamilli, Jenny Tamborelli<br \/> <strong>Archi scritti e diretti:<\/strong> Renato Serio<br \/> <strong>Regia televisiva:<\/strong> Carlo Roggero<br \/> <strong>Regia teatrale:<\/strong> Piero Castellacci<br \/> <strong>Edizioni musicali:<\/strong> BMG Ricordi &#8211; Paoline<br \/> <strong>Produzione:<\/strong> Italia 2000 &#8211; Colore<\/p>\n<\/blockquote>\n<h4><em>2a uscita dal 13 ottobre\u00a0<\/em><strong>Non Abbiate Paura &#8211;\u00a0<\/strong><strong>Giovanni Paolo II \u2013 Il Musical<\/strong><\/h4>\n<blockquote>\n<p style=\"text-align: justify;\"><a href=\"http:\/\/www.cercoiltuovolto.it\/wp-content\/uploads\/2011\/10\/Uscita-2.png\"><img loading=\"lazy\" decoding=\"async\" class=\"alignleft size-large wp-image-20513\" title=\"Uscita 2\" src=\"http:\/\/www.cercoiltuovolto.it\/wp-content\/uploads\/2011\/10\/Uscita-2-270x450.png\" alt=\"\" width=\"270\" height=\"450\" \/><\/a>\u00c8 un musical nuovissimo, pieno di parole vive e vibranti che non smettono mai di emozionare. \u00c8 lo straordinario spettacolo che ripercorre la vita di Karol Wojtyla, un Papa che ha toccato i cuori dell&#8217;umanit\u00e0 intera. Giuseppe Spedicato porta in scena dal 2010 questa storia straordinaria, seguendo il leit-motiv dell&#8217;amore del Papa per i giovani, ai quali chiese sempre di non avere paura, ma di trovare la forza delle loro azioni nella fede. Un grande cast di 21 artisti, guidati dal regista Gianluca Ferrato e composto da giovani che si raccontano recitando, danzando e cantando.<\/p>\n<p>La vita che ha guidato e ispirato milioni di uomini, la storia di un Papa che non ha mai avuto paura, torna a emozionarci con il musical &#8220;Non abbiate paura&#8221;.<\/p>\n<p><strong>Personaggi e Interpreti:<\/strong> (Karol Wojtyla) Simone Sibillano; (Nicole) Valeria Monetti; (Ian) Gabriele Colferai; (Marek) Samuele Cavallo; (Vergine Maria \/ Maria) Valentina Gullace; (Stanislao \/ Sapieha) Piero Di Blasio; (Tadeusz) Andrea De Bruyn; (Suor Tobiana) Elena Pelazza; (Al\u00ec Agca \/ Il Male) Massimiliano Micheli; (Wyszynsky) Francesco Falabella; (Gerarca Nazista \/ Joseph) Gianpiero Pumo; (Piothr \/ Koenig) Alessandro Calabr\u00f2; (Halina) Emanuela Maiorani<br \/> <strong>Autori parte letteraria:<\/strong> Andrea Palotto, Gianluca Ferrato, Giuseppe Spedicato<br \/> <strong>Autori brani originali, arrangiamenti e direzione musicale:<\/strong> Andrea Palotto, Emiliano Torquati<br \/> <strong>Corpo di ballo:<\/strong> Anna Gargiulo, Giulia Piana, Marica Galli, Lucrezia Cappelluti, Luca Paradiso, Gabriele Bruschi, Paolo Cervellera, Antonio Balsamo<br \/> <strong>Regia:<\/strong> Gianluca Ferrato<br \/> <strong>Produzione esecutiva:<\/strong> Diverbia et Cantica<br \/> <strong>Vocal Coach:<\/strong> Flavia Astolfi<br \/> <strong>Suono:<\/strong> Alessandro Napoli<br \/> <strong>Coreografie:<\/strong> Caterina Felicioni<br \/> <strong>Costumi:<\/strong> Bianca Borriello<br \/> <strong>Scene:<\/strong> Gianluca Amodio<br \/> <strong>Luci:<\/strong> Daniele Ceprani<\/p>\n<\/blockquote>\n<h3>\u00a0<em>3a uscita dal 20 ottobre\u00a0<\/em><strong>Actor Dei &#8211;\u00a0<\/strong><strong>Padre Pio da Pietrelcina<\/strong><\/h3>\n<blockquote>\n<p style=\"text-align: justify;\"><a href=\"http:\/\/www.cercoiltuovolto.it\/wp-content\/uploads\/2011\/10\/Uscita-3.png\"><img loading=\"lazy\" decoding=\"async\" class=\"alignleft size-large wp-image-20514\" title=\"Uscita 3\" src=\"http:\/\/www.cercoiltuovolto.it\/wp-content\/uploads\/2011\/10\/Uscita-3-270x450.png\" alt=\"\" width=\"270\" height=\"450\" \/><\/a>Dal desiderio di Attilio Fontana di raccontare la figura di Padre Pio in modo vero, mostrandolo al pubblico nella sua dimensione umana, nasce &#8220;Actor Dei&#8221;, questo musical straordinario. Lo spettacolo \u00e8 messo in scena da un cast di giovani artisti che si sono lasciati entusiasmare dal progetto, perch\u00e9 \u00e8 la storia di un uomo fuori dal comune che migliora chi la rappresenta e chi la guarda. Un uomo semplice che era un &#8220;attore&#8221; nelle mani di un grande &#8220;regista&#8221;, Dio, che oggi torna a parlare, attraverso il musical, con la forza del suo spirito senza uguali. Grazie anche alla supervisione e all&#8217;approvazione entusiasta di padre Luciano Lotti, responsabile dell&#8217;archivio di Padre Pio, lo spettacolo ha potuto emozionare un pubblico di tutte le et\u00e0.<\/p>\n<p><strong>Personaggi e Interpreti:<\/strong> (Padre Pio) Vincenzo Caldarola, (Priore) Alessandro Neri, (Demonio) Adriano Di Domenico, (Capopopolo) Vincenzo De Michele, (Avvocato) Antonio Carluccio, (Madre) Ingrid Gravina, (Fedele) Elena Pelazza, (Indemoniata) Chiara Di Bari, (Padre Pio bambino) Martino Schembri, (Prete da Roma) Dario Faini<br \/> <strong>Supervisione storico-religiosa:<\/strong> Padre Luciano Liotti, Padre Massimo Montagano<br \/> <strong>Direzione artistica:<\/strong> Attilio Fontana<br \/> <strong>Musiche e testi:<\/strong> Attilio Fontana, Franco Ventura, Federico Capranica, Maria Grazia Fontana, Antonio Carluccio, Michela Andreozzi<br \/> <strong>Coro:<\/strong> Maurizio Di Maio (Cover Avvocato), Silvia Celestini Campanari, Erika Scorza, Luca Imperatore, Valerio D&#8217;Angelo, Francesca Isabella Ciampa, Roberta Zancolla (Cover Madre\/Fedele), Chiara Tavolieri, Salvatore Corallo, Miriam Longo, Francesca Pelosi (Cover Indemoniata), Fabrizio Giorgi, Maurizio Semeraro (Cover Capopolo), Daniele Grammaldo, Dario Faini, Vanessa Lausde<br \/> <strong>Ballerini:<\/strong> Dario Bandiera, Maria Stefania Di Renzo, Sonia Navarro, Emanuele Pironti, Gianluca Passeri, Franco Asselta, Dario Lupinacci, Silvia Martinadonna, Vincenzo De Michele, Loredana Persichetti, Anna Basti, Anna Gargiulo, Alessandra Cito, Cristian Ciccone, Giosi Del Vecchio, Ramona Schino<br \/> <strong>Regia:<\/strong> Giulio Costa<br \/> <strong>Coreografie:<\/strong> Orazio Caiti<br \/> <strong>Scenografia:<\/strong> Davide Orlandi Dormino<br \/> <strong>Costumi:<\/strong> Guillermo Mariotto<\/p>\n<\/blockquote>\n<p>\u00a0<strong>Uscite successive:<\/strong><\/p>\n<ul>\n<li>\u00a0<em>4a uscita dal <\/em><em>27 ottobre\u00a0<\/em><strong>Caino e Abele\u00a0<\/strong>di Tony Cucchiara;<\/li>\n<li>\u00a0<em>5a uscita dal 3 novembre\u00a0<\/em><strong>Maria di Nazareth\u00a0<\/strong>di Maria Pia Liotta<\/li>\n<li><strong>\u00a0<\/strong><em>6a uscita dal 10 novembre\u00a0<\/em><strong>Via Crucis\u00a0<\/strong>di Claudio Insegno<\/li>\n<li>\u00a0<em>7a uscita dal 17 novembre\u00a0<\/em><strong>La lauda di Francesco\u00a0<\/strong>con le musiche di Angelo Branduardi per la regia di Oreste Castagna<\/li>\n<li>\u00a0<em>8a uscita dal 24 novembre\u00a0<\/em><strong>Chiara di Dio<\/strong>\u00a0di Carlo Tedeschi<\/li>\n<li><em>\u00a0<\/em><em>9a uscita dal 1\u00b0 dicembre\u00a0<\/em><strong>Don Bosco\u00a0<\/strong>di Piero Castellacci<\/li>\n<li>\u00a0<em>10a uscita dal 7 dicembre\u00a0<\/em><strong>Madre Teresa\u00a0<\/strong>di Piero Castellacci<\/li>\n<li>\u00a0<em>11a uscita dal15 dicembre\u00a0<\/em><strong>L&#8217;uomo dal turbante rosso<\/strong><\/li>\n<li>\u00a0<em>12a uscita dal 19 dicembre\u00a0<\/em><strong>Il Risorto<\/strong><\/li>\n<\/ul>\n<p class=\"acquista-paragrafo\"><strong><a href=\"https:\/\/www.stpauls.it\/tracieloeterra\/form.asp\">Se vuoi, puoi acquistare subito tutta la collana<\/a><\/strong><\/p>\n<h2>Scarica i Il PDF della collana<\/h2>\n<p style=\"text-align: center;\"><a href=\"http:\/\/www.cercoiltuovolto.it\/wp-content\/uploads\/2011\/10\/Collana_Tra-Cielo-e-Terra.pdf\"><img loading=\"lazy\" decoding=\"async\" class=\"aligncenter size-large wp-image-20516\" title=\"Collana_Tra Cielo e Terra-page-001\" src=\"http:\/\/www.cercoiltuovolto.it\/wp-content\/uploads\/2011\/10\/Collana_Tra-Cielo-e-Terra-page-001-590x417.jpg\" alt=\"\" width=\"590\" height=\"417\" \/><\/a><\/p>\n<h2>Scarica il depliant della prima uscita<\/h2>\n<p style=\"text-align: center;\"><a href=\"http:\/\/www.cercoiltuovolto.it\/wp-content\/uploads\/2011\/10\/Primo-DVD_Tra-Cielo-e-Terra.pdf\"><img loading=\"lazy\" decoding=\"async\" class=\"aligncenter size-large wp-image-20518\" title=\"Primo DVD_Tra Cielo e Terra-page-001\" src=\"http:\/\/www.cercoiltuovolto.it\/wp-content\/uploads\/2011\/10\/Primo-DVD_Tra-Cielo-e-Terra-page-001-590x372.jpg\" alt=\"\" width=\"590\" height=\"372\" \/><\/a><\/p>\n","protected":false},"excerpt":{"rendered":"<p>Parte dal 6 ottobre la nuova iniziativa di Famiglia Cristiana &#8220;Tra cielo e terra&#8221;, dodici DVD di musical religiosi raccolti per la prima volta in una collana. Un incontro tra fede e teatro contemporaneo, in una delle forme pi\u00f9 diffuse, quella del musical di ispirazione religiosa, che vanta oggi un&#8217;importante produzione letteraria e di qualit\u00e0&#8230;.<\/p>\n","protected":false},"author":3,"featured_media":0,"comment_status":"closed","ping_status":"closed","sticky":false,"template":"","format":"standard","meta":{"_kad_post_transparent":"","_kad_post_title":"","_kad_post_layout":"","_kad_post_sidebar_id":"","_kad_post_content_style":"","_kad_post_vertical_padding":"","_kad_post_feature":"","_kad_post_feature_position":"","_kad_post_header":false,"_kad_post_footer":false,"_kad_post_classname":"","footnotes":""},"categories":[101,381],"tags":[154,153],"class_list":["post-232730","post","type-post","status-publish","format-standard","hentry","category-101","category-in-evidenza","tag-iniziative","tag-musical"],"_links":{"self":[{"href":"https:\/\/archivio.cercoiltuovolto.it\/index.php?rest_route=\/wp\/v2\/posts\/232730","targetHints":{"allow":["GET"]}}],"collection":[{"href":"https:\/\/archivio.cercoiltuovolto.it\/index.php?rest_route=\/wp\/v2\/posts"}],"about":[{"href":"https:\/\/archivio.cercoiltuovolto.it\/index.php?rest_route=\/wp\/v2\/types\/post"}],"author":[{"embeddable":true,"href":"https:\/\/archivio.cercoiltuovolto.it\/index.php?rest_route=\/wp\/v2\/users\/3"}],"replies":[{"embeddable":true,"href":"https:\/\/archivio.cercoiltuovolto.it\/index.php?rest_route=%2Fwp%2Fv2%2Fcomments&post=232730"}],"version-history":[{"count":0,"href":"https:\/\/archivio.cercoiltuovolto.it\/index.php?rest_route=\/wp\/v2\/posts\/232730\/revisions"}],"wp:attachment":[{"href":"https:\/\/archivio.cercoiltuovolto.it\/index.php?rest_route=%2Fwp%2Fv2%2Fmedia&parent=232730"}],"wp:term":[{"taxonomy":"category","embeddable":true,"href":"https:\/\/archivio.cercoiltuovolto.it\/index.php?rest_route=%2Fwp%2Fv2%2Fcategories&post=232730"},{"taxonomy":"post_tag","embeddable":true,"href":"https:\/\/archivio.cercoiltuovolto.it\/index.php?rest_route=%2Fwp%2Fv2%2Ftags&post=232730"}],"curies":[{"name":"wp","href":"https:\/\/api.w.org\/{rel}","templated":true}]}}