{"id":232702,"date":"2011-09-29T06:06:54","date_gmt":"2011-09-29T06:06:54","guid":{"rendered":"https:\/\/archivio.cercoiltuovolto.it\/?p=232702"},"modified":"2011-09-29T06:06:54","modified_gmt":"2011-09-29T06:06:54","slug":"la-gioia-di-conoscere-dio","status":"publish","type":"post","link":"https:\/\/archivio.cercoiltuovolto.it\/?p=232702","title":{"rendered":"La gioia di conoscere Dio"},"content":{"rendered":"<p>Durante il trasferimento del Papa da Roma a Berlino, Benedetto XVI, come tradizione, ha incontrato i giornalisti a bordo dell\u2019aereo. Alla domanda, rivolta da padre Federico Lombardi, su quanto si senta ancora legato alla terra tedesca, il Papa ha risposto che la sua \u201cradice\u201d, tedesca per nascita, cultura e formazione, \u201cnon pu\u00f2 essere, n\u00e9 deve essere tagliata\u201d. \u201cQuando poi si assume una responsabilit\u00e0 grande, la radice diventa un albero che si estende in varie direzioni e il fatto di appartenere a questa grande comunit\u00e0 della Chiesa Cattolica, un popolo composto da tutti i popoli , diventa sempre pi\u00f9 viva e profonda\u201d.<br \/>Benedetto XVI \u00e8 poi tornato sul problema degli abusi dei preti sui minori, esprimendo comprensione per chi di fronte agli scandali decida \u201ddi non poter piu\u2019 vivere in questa Chiesa, se i suoi rappresentanti fanno il contrario\u201d di quel che dicono. Ma ha aggiunto che\u2026<\/p>\n<\/p>\n<p><strong>Benedetto XVI<\/strong><em><\/em><\/p>\n<p><em>Stare nella Chiesa, non vuol dire fare parte di un\u2019associazione ma essere nella rete del Signore, che pesca pesci buoni e cattivi dalle acque della morte alle terre della vita. Pu\u00f2 darsi che in questa rete sono proprio vicino a pesci cattivi e sento questo, ma rimane vero che non ci sono per questi o questi altri, ma sono perch\u00e9 \u00e8 la rete del Signore che \u00e8 una cosa diversa da tutte le associazioni umane, una rete che tocca il fondamento del mio essere.<\/em><\/p>\n<p>Sulle proteste nate in Germania sulla visita del Papa, Benedetto XVI ha poi sottolineato che\u00a0<em>\u201c\u00e8 una cosa normale che in una societ\u00e0 libera e in un tempo secolarizzato ci siano posizioni contro una visita del Papa\u201d.<\/em><\/p>\n<p><strong>Benedetto XVI<\/strong><br \/><em>Ma c\u2019\u00e8 anche un grande consenso alla fede cattolica, una crescente convinzione che abbiamo bisogno di convinzione, di una forza morale nel nostro tempo. Abbiamo bisogno di una presenza di Dio in questo nostro tempo. Cos\u00ec insieme all\u2019opposizione, che trovo naturale e da aspettarsi, c\u2019\u00e8 tanta gente che mi aspetta con gioia, che aspetta una festa della fede, un essere insieme e aspetta la gioia di conoscere Dio e di vivere insieme nel futuro, che Dio ci tiene per mano e ci mostra la strada.<\/em><\/p>\n<p>Sul fronte ecumenico, la visita del Papa in Germania, porta Benedetto XVI a pregare sui luoghi di Martin Lutero alla vigilia del quinto centenario della Riforma protestante.<\/p>\n<p><strong>Benedetto XVI<\/strong><br \/><em>Sono molto grato ai nostri amici, fratelli e sorelle, protestanti, che hanno reso possibile un segno molto significativo: l\u2019incontro nel monastero dove Lutero ha iniziato il suo cammino teologico, la preghiera nella chiesa dove \u00e8 stato ordinato sacerdote e il parlare insieme della nostra responsabilit\u00e0 di cristiani in questo tempo. Sono molto felice di poter mostrare cos\u00ec questa unit\u00e0 fondamentale, che siamo fratelli e sorelle e lavoriamo insieme per il bene dell\u2019umanit\u00e0, annunciando il lieto messaggio di Cristo, del Dio che ha un volto umano e che parla con noi.<\/em><\/p>\n<p>Fonte: <a href=\"http:\/\/www.cantonuovo.eu\/?p=26429\">Canto Nuovo<\/a><\/p>\n","protected":false},"excerpt":{"rendered":"<p>Durante il trasferimento del Papa da Roma a Berlino, Benedetto XVI, come tradizione, ha incontrato i giornalisti a bordo dell\u2019aereo. Alla domanda, rivolta da padre Federico Lombardi, su quanto si senta ancora legato alla terra tedesca, il Papa ha risposto che la sua \u201cradice\u201d, tedesca per nascita, cultura e formazione, \u201cnon pu\u00f2 essere, n\u00e9 deve&#8230;<\/p>\n","protected":false},"author":3,"featured_media":0,"comment_status":"closed","ping_status":"closed","sticky":false,"template":"","format":"standard","meta":{"_kad_post_transparent":"","_kad_post_title":"","_kad_post_layout":"","_kad_post_sidebar_id":"","_kad_post_content_style":"","_kad_post_vertical_padding":"","_kad_post_feature":"","_kad_post_feature_position":"","_kad_post_header":false,"_kad_post_footer":false,"_kad_post_classname":"","footnotes":""},"categories":[101,127],"tags":[54,113],"class_list":["post-232702","post","type-post","status-publish","format-standard","hentry","category-101","category-benedetto-xvi","tag-interviste","tag-video"],"_links":{"self":[{"href":"https:\/\/archivio.cercoiltuovolto.it\/index.php?rest_route=\/wp\/v2\/posts\/232702","targetHints":{"allow":["GET"]}}],"collection":[{"href":"https:\/\/archivio.cercoiltuovolto.it\/index.php?rest_route=\/wp\/v2\/posts"}],"about":[{"href":"https:\/\/archivio.cercoiltuovolto.it\/index.php?rest_route=\/wp\/v2\/types\/post"}],"author":[{"embeddable":true,"href":"https:\/\/archivio.cercoiltuovolto.it\/index.php?rest_route=\/wp\/v2\/users\/3"}],"replies":[{"embeddable":true,"href":"https:\/\/archivio.cercoiltuovolto.it\/index.php?rest_route=%2Fwp%2Fv2%2Fcomments&post=232702"}],"version-history":[{"count":0,"href":"https:\/\/archivio.cercoiltuovolto.it\/index.php?rest_route=\/wp\/v2\/posts\/232702\/revisions"}],"wp:attachment":[{"href":"https:\/\/archivio.cercoiltuovolto.it\/index.php?rest_route=%2Fwp%2Fv2%2Fmedia&parent=232702"}],"wp:term":[{"taxonomy":"category","embeddable":true,"href":"https:\/\/archivio.cercoiltuovolto.it\/index.php?rest_route=%2Fwp%2Fv2%2Fcategories&post=232702"},{"taxonomy":"post_tag","embeddable":true,"href":"https:\/\/archivio.cercoiltuovolto.it\/index.php?rest_route=%2Fwp%2Fv2%2Ftags&post=232702"}],"curies":[{"name":"wp","href":"https:\/\/api.w.org\/{rel}","templated":true}]}}