{"id":232692,"date":"2011-09-28T06:04:29","date_gmt":"2011-09-28T06:04:29","guid":{"rendered":"https:\/\/archivio.cercoiltuovolto.it\/?p=232692"},"modified":"2011-09-28T06:04:29","modified_gmt":"2011-09-28T06:04:29","slug":"cera-bambino-betlemme-libro-cd","status":"publish","type":"post","link":"https:\/\/archivio.cercoiltuovolto.it\/?p=232692","title":{"rendered":"C&#8217;era un bambino a Betlemme &#8211; Libro + CD"},"content":{"rendered":"<p style=\"text-align: justify;\"><img loading=\"lazy\" decoding=\"async\" class=\"alignright size-medium wp-image-20344\" title=\"C'ERA UN BAMBINO A BETLEMME\" src=\"http:\/\/www.cercoiltuovolto.it\/wp-content\/uploads\/2011\/09\/CERA-UN-BAMBINO-A-BETLEMME-220x300.jpg\" alt=\"\" width=\"220\" height=\"300\" \/>Questa\u00a0<strong>proposta teatrale e musicale<\/strong>\u00a0per bambini racconta un&#8217;antica leggenda:<strong>\u00a0i Re Magi<\/strong>, giunti a Betlemme, cercarono di coinvolgere tutti gli abitanti della piccola cittadina ad andare con loro a visitare Ges\u00f9, il bambino appena nato in una grotta. Tutti aderirono con entusiasmo, portando i loro doni; solo una vecchina scorbutica e molto egoista rifiut\u00f2 di vedere e aiutare il bambino, per poi per\u00f2 pentirsi sinceramente, trasformandosi negli anni a venire in un personaggio ancora molto amato dai pi\u00f9 piccoli:\u00a0<strong>la Befana.<\/strong><\/p>\n<p style=\"text-align: justify;\">[powerpress]<\/p>\n<p>\u00c8 una leggenda popolare che lega la\u00a0<strong>storia del primo Natale<\/strong>\u00a0con la\u00a0<strong>tradizione italiana dell&#8217;Epifania<\/strong>.\u00a0<br \/>Un piccolo spettacolo ricco di\u00a0 fantasia, con sei canzoni ritmate e coinvolgenti, per ricordare, insieme ai bambini, come il Natale sia la grande festa dell\u2019amore, dell&#8217;accoglienza e della solidariet\u00e0.<\/p>\n<p><strong>Canzoni:<\/strong><\/p>\n<ul>\n<li>La festa pi\u00f9 dolce<\/li>\n<li>Strani stranieri<\/li>\n<li>Ti dar\u00f2 una mano anch&#8217;io<\/li>\n<li>No e no e no<\/li>\n<li>C&#8217;era un bambino a Betlemme<\/li>\n<li><strong>La mitica Befana <\/strong><em>(ascolta la clip qui sopra o guarda il video qui sotto)<\/em><\/li>\n<li>Basi musicali delle canzoni<\/li>\n<\/ul>\n<p style=\"text-align: center;\">\n<div class=\"entry-content-asset videofit\"><iframe loading=\"lazy\" title=\"C&amp;apos;era un bambino a Betlemme - Daniela Cologgi, Paoline\" width=\"720\" height=\"405\" src=\"https:\/\/www.youtube.com\/embed\/0dkI6wCXNTI?feature=oembed\" frameborder=\"0\" allow=\"accelerometer; autoplay; clipboard-write; encrypted-media; gyroscope; picture-in-picture; web-share\" referrerpolicy=\"strict-origin-when-cross-origin\" allowfullscreen><\/iframe><\/div><\/p>\n","protected":false},"excerpt":{"rendered":"<p>Questa\u00a0proposta teatrale e musicale\u00a0per bambini racconta un&#8217;antica leggenda:\u00a0i Re Magi, giunti a Betlemme, cercarono di coinvolgere tutti gli abitanti della piccola cittadina ad andare con loro a visitare Ges\u00f9, il bambino appena nato in una grotta. Tutti aderirono con entusiasmo, portando i loro doni; solo una vecchina scorbutica e molto egoista rifiut\u00f2 di vedere e&#8230;<\/p>\n","protected":false},"author":3,"featured_media":0,"comment_status":"closed","ping_status":"closed","sticky":false,"template":"","format":"standard","meta":{"_kad_post_transparent":"","_kad_post_title":"","_kad_post_layout":"","_kad_post_sidebar_id":"","_kad_post_content_style":"","_kad_post_vertical_padding":"","_kad_post_feature":"","_kad_post_feature_position":"","_kad_post_header":false,"_kad_post_footer":false,"_kad_post_classname":"","footnotes":""},"categories":[101,296],"tags":[37,380,210],"class_list":["post-232692","post","type-post","status-publish","format-standard","hentry","category-101","category-epifania","tag-gesu","tag-in-evidenza","tag-solidarieta"],"_links":{"self":[{"href":"https:\/\/archivio.cercoiltuovolto.it\/index.php?rest_route=\/wp\/v2\/posts\/232692","targetHints":{"allow":["GET"]}}],"collection":[{"href":"https:\/\/archivio.cercoiltuovolto.it\/index.php?rest_route=\/wp\/v2\/posts"}],"about":[{"href":"https:\/\/archivio.cercoiltuovolto.it\/index.php?rest_route=\/wp\/v2\/types\/post"}],"author":[{"embeddable":true,"href":"https:\/\/archivio.cercoiltuovolto.it\/index.php?rest_route=\/wp\/v2\/users\/3"}],"replies":[{"embeddable":true,"href":"https:\/\/archivio.cercoiltuovolto.it\/index.php?rest_route=%2Fwp%2Fv2%2Fcomments&post=232692"}],"version-history":[{"count":0,"href":"https:\/\/archivio.cercoiltuovolto.it\/index.php?rest_route=\/wp\/v2\/posts\/232692\/revisions"}],"wp:attachment":[{"href":"https:\/\/archivio.cercoiltuovolto.it\/index.php?rest_route=%2Fwp%2Fv2%2Fmedia&parent=232692"}],"wp:term":[{"taxonomy":"category","embeddable":true,"href":"https:\/\/archivio.cercoiltuovolto.it\/index.php?rest_route=%2Fwp%2Fv2%2Fcategories&post=232692"},{"taxonomy":"post_tag","embeddable":true,"href":"https:\/\/archivio.cercoiltuovolto.it\/index.php?rest_route=%2Fwp%2Fv2%2Ftags&post=232692"}],"curies":[{"name":"wp","href":"https:\/\/api.w.org\/{rel}","templated":true}]}}