{"id":232691,"date":"2011-09-27T06:00:05","date_gmt":"2011-09-27T06:00:05","guid":{"rendered":"https:\/\/archivio.cercoiltuovolto.it\/?p=232691"},"modified":"2011-09-27T06:00:05","modified_gmt":"2011-09-27T06:00:05","slug":"festival-del-diritto-2011-p-enzo-bianchi-su-un-orizzonte-di-comunita","status":"publish","type":"post","link":"https:\/\/archivio.cercoiltuovolto.it\/?p=232691","title":{"rendered":"Festival del diritto 2011 &#8211; p. Enzo Bianchi su &#8220;Un orizzonte di comunit\u00e0&#8221;"},"content":{"rendered":"<div>\n<div>\n<p style=\"text-align: center;\"><img loading=\"lazy\" decoding=\"async\" class=\"aligncenter size-large wp-image-20339\" title=\"Un orizzonte di comunit\u00e0\" src=\"http:\/\/www.cercoiltuovolto.it\/wp-content\/uploads\/2011\/09\/Un-orizzonte-di-comunit\u00e0-590x392.jpg\" alt=\"\" width=\"590\" height=\"392\" \/><\/p>\n<p><strong>TESTIMONI DEL TEMPO<\/strong>\u00a0introduce\u00a0<em>ANTONELLA PARIGI<\/em><\/p>\n<p style=\"text-align: justify;\">Possiamo dire che il solo autentico problema oggi \u00e8 una ricerca spirituale per fare della vita umana un\u2019opera d\u2019arte, un cammino di piena umanizzazione in un orizzonte di comunit\u00e0, insieme con gli altri e mai contro gli altri. In quanto esseri umani, non siamo estranei gli uni agli altri e siamo dunque chiamati ad ascoltarci e a cercare insieme. Occorre credere nell\u2019uomo, credere che possiamo umanizzare e rendere migliore la nostra convivenza, accettando di guardare oltre il nostro interesse immediato, verso un fine comune e una speranza condivisa. In questo cammino tutti \u2013 credenti o non \u2013 sono chiamati a in-segnare, a fare segno gli uni agli altri, per aiutarsi reciprocamente. Abbiamo pochi giorni su questa terra: viviamoli cercando insieme vie di umanizzazione. La terra sar\u00e0 pi\u00f9 abitabile e la vita sar\u00e0 bella per tutti.\u00a0<\/p>\n<\/div>\n<\/div>\n<ul>\n<li>Data:\u00a024 settembre<\/li>\n<li>Luogo:\u00a0Auditorium Sant\u2019Ilario (Piacenza)<\/li>\n<li>Format:\u00a0Testimoni del tempo<\/li>\n<\/ul>\n<p style=\"text-align: center;\">\n<div class=\"entry-content-asset videofit\"><iframe loading=\"lazy\" title=\"Festival del diritto \/ Un orizzonte di comunit\u00e0 \/ Enzo Bianchi\" width=\"720\" height=\"405\" src=\"https:\/\/www.youtube.com\/embed\/oHqfsili-yM?feature=oembed\" frameborder=\"0\" allow=\"accelerometer; autoplay; clipboard-write; encrypted-media; gyroscope; picture-in-picture; web-share\" referrerpolicy=\"strict-origin-when-cross-origin\" allowfullscreen><\/iframe><\/div>\n<\/p>\n<p class=\"link\">Tutto il video <a href=\"http:\/\/www.festivaldeldiritto.it\/video\/un-orizzonte-di-conunit%C3%A0.jspurl?IdC=2003&amp;IdS=2005&amp;tipo_padre=0&amp;tipo_cliccato=0&amp;id_prodotto=594873&amp;tipo=0&amp;css=&amp;com=\">a questo link<\/a><\/p>\n<p class=\"link\">Fonte: <a href=\"http:\/\/www.festivaldeldiritto.it\/app\/prodotto.jsp?tipo=2&amp;IdC=1713&amp;IdS=1767&amp;tipo_cliccato=2&amp;tipo_padre=2&amp;prod=p&amp;id_prodotto=53881&amp;id_categoria=1767&amp;css=&amp;ok=1&amp;pos=1\">Festival del diritto<\/a><\/p>\n","protected":false},"excerpt":{"rendered":"<p>TESTIMONI DEL TEMPO\u00a0introduce\u00a0ANTONELLA PARIGI Possiamo dire che il solo autentico problema oggi \u00e8 una ricerca spirituale per fare della vita umana un\u2019opera d\u2019arte, un cammino di piena umanizzazione in un orizzonte di comunit\u00e0, insieme con gli altri e mai contro gli altri. In quanto esseri umani, non siamo estranei gli uni agli altri e siamo&#8230;<\/p>\n","protected":false},"author":3,"featured_media":0,"comment_status":"closed","ping_status":"closed","sticky":false,"template":"","format":"standard","meta":{"_kad_post_transparent":"","_kad_post_title":"","_kad_post_layout":"","_kad_post_sidebar_id":"","_kad_post_content_style":"","_kad_post_vertical_padding":"","_kad_post_feature":"","_kad_post_feature_position":"","_kad_post_header":false,"_kad_post_footer":false,"_kad_post_classname":"","footnotes":""},"categories":[101,225],"tags":[57,380,117],"class_list":["post-232691","post","type-post","status-publish","format-standard","hentry","category-101","category-comunita","tag-conferenze","tag-in-evidenza","tag-incontri"],"_links":{"self":[{"href":"https:\/\/archivio.cercoiltuovolto.it\/index.php?rest_route=\/wp\/v2\/posts\/232691","targetHints":{"allow":["GET"]}}],"collection":[{"href":"https:\/\/archivio.cercoiltuovolto.it\/index.php?rest_route=\/wp\/v2\/posts"}],"about":[{"href":"https:\/\/archivio.cercoiltuovolto.it\/index.php?rest_route=\/wp\/v2\/types\/post"}],"author":[{"embeddable":true,"href":"https:\/\/archivio.cercoiltuovolto.it\/index.php?rest_route=\/wp\/v2\/users\/3"}],"replies":[{"embeddable":true,"href":"https:\/\/archivio.cercoiltuovolto.it\/index.php?rest_route=%2Fwp%2Fv2%2Fcomments&post=232691"}],"version-history":[{"count":0,"href":"https:\/\/archivio.cercoiltuovolto.it\/index.php?rest_route=\/wp\/v2\/posts\/232691\/revisions"}],"wp:attachment":[{"href":"https:\/\/archivio.cercoiltuovolto.it\/index.php?rest_route=%2Fwp%2Fv2%2Fmedia&parent=232691"}],"wp:term":[{"taxonomy":"category","embeddable":true,"href":"https:\/\/archivio.cercoiltuovolto.it\/index.php?rest_route=%2Fwp%2Fv2%2Fcategories&post=232691"},{"taxonomy":"post_tag","embeddable":true,"href":"https:\/\/archivio.cercoiltuovolto.it\/index.php?rest_route=%2Fwp%2Fv2%2Ftags&post=232691"}],"curies":[{"name":"wp","href":"https:\/\/api.w.org\/{rel}","templated":true}]}}