{"id":232686,"date":"2011-09-24T08:00:09","date_gmt":"2011-09-24T08:00:09","guid":{"rendered":"https:\/\/archivio.cercoiltuovolto.it\/?p=232686"},"modified":"2011-09-24T08:00:09","modified_gmt":"2011-09-24T08:00:09","slug":"il-profeta-geremia-gianfranco-ravasi-bose","status":"publish","type":"post","link":"https:\/\/archivio.cercoiltuovolto.it\/?p=232686","title":{"rendered":"Il profeta Geremia &#8211; Gianfranco Ravasi a Bose"},"content":{"rendered":"<p style=\"text-align: justify;\"><a href=\"http:\/\/www.cercoiltuovolto.it\/wp-content\/uploads\/2011\/09\/Il-profeta-Geremia.jpg\"><img loading=\"lazy\" decoding=\"async\" class=\"alignleft size-medium wp-image-20317\" title=\"Il profeta Geremia\" src=\"http:\/\/www.cercoiltuovolto.it\/wp-content\/uploads\/2011\/09\/Il-profeta-Geremia-300x300.jpg\" alt=\"\" width=\"300\" height=\"300\" \/><\/a>Geremia \u00e8 l\u2019uomo del dolore e del grido, ma anche della speranza e della fiducia. Il suo destino e il suo\u00a0<strong>messaggio<\/strong>\u00a0sono caratterizzati dall\u2019essere\u00a0<strong>controcorrente rispetto alla mentalit\u00e0 e alla pratica religiosa dominante<\/strong>. La sua predicazione come \u201cmartello\u201d spacca le incrostazioni della superficialit\u00e0 e della banalit\u00e0: insegnamento prezioso per noi che viviamo in una societ\u00e0 che sta smarrendo\u00a0<strong>la forza della parola<\/strong>.<\/p>\n<p style=\"text-align: justify;\"><strong>La profezia di Geremia illumina la vicenda di Ges\u00f9<\/strong>, perch\u00e9 il profeta ha provato la passione che sar\u00e0 vissuta da Cristo, e testimonia una\u00a0<strong>fede \u201cmistica\u201d,\u00a0<\/strong>che diviene comunione profonda, abbraccio con Dio.<\/p>\n<p style=\"text-align: justify;\"><strong>Geremia \u00e8 un profeta che parla ancora al nostro oggi<\/strong>\u00a0con la sua storia, la sua parola, il suo cuore e lo Spirito di Dio che \u00e8 in lui.<strong>Volto<\/strong>,\u00a0<strong>parola<\/strong>,\u00a0<strong>cuore<\/strong>\u00a0e\u00a0<strong>Spirito<\/strong>\u00a0sono i quattro percorsi tematici attraverso cui mons. Ravasi ha svolto la riflessione all\u2019interno dell\u2019opera di Geremia.<\/p>\n<p style=\"text-align: justify;\"><em>In questo doppio CD sono incise le due meditazioni su \u201cIl profeta Geremia\u201d tenute da mons. Gianfranco Ravasi a Bose il 20 marzo 2011.\u00a0<\/em><\/p>\n<ul>\n<li>Prezzo: \u20ac12,00<\/li>\n<li><a href=\"http:\/\/www.monasterodibose.it\/component\/page,shop.product_details\/flypage,flypage.tpl\/product_id,975\/category_id,50\/option,com_virtuemart\/Itemid,1753\/\"><img loading=\"lazy\" decoding=\"async\" class=\"size-full wp-image-20319 alignright\" style=\"border-style: initial; border-color: initial;\" title=\"buy-to-Bose\" src=\"http:\/\/www.cercoiltuovolto.it\/wp-content\/uploads\/2011\/09\/buy-to-Bose.png\" alt=\"\" width=\"217\" height=\"63\" \/><\/a>CD 1: 60 minuti<\/li>\n<li>CD 2: 60 minuti<\/li>\n<\/ul>\n<div class=\"powerpressbox\">\n<h2>Ascolta i primi 10 minuti del primo CD<\/h2>\n<p>[powerpress]<\/p><\/div>\n","protected":false},"excerpt":{"rendered":"<p>Geremia \u00e8 l\u2019uomo del dolore e del grido, ma anche della speranza e della fiducia. Il suo destino e il suo\u00a0messaggio\u00a0sono caratterizzati dall\u2019essere\u00a0controcorrente rispetto alla mentalit\u00e0 e alla pratica religiosa dominante. La sua predicazione come \u201cmartello\u201d spacca le incrostazioni della superficialit\u00e0 e della banalit\u00e0: insegnamento prezioso per noi che viviamo in una societ\u00e0 che sta&#8230;<\/p>\n","protected":false},"author":3,"featured_media":0,"comment_status":"closed","ping_status":"closed","sticky":false,"template":"","format":"standard","meta":{"_kad_post_transparent":"","_kad_post_title":"","_kad_post_layout":"","_kad_post_sidebar_id":"","_kad_post_content_style":"","_kad_post_vertical_padding":"","_kad_post_feature":"","_kad_post_feature_position":"","_kad_post_header":false,"_kad_post_footer":false,"_kad_post_classname":"","footnotes":""},"categories":[101,4],"tags":[440,260,433],"class_list":["post-232686","post","type-post","status-publish","format-standard","hentry","category-101","category-audio-cattolici","tag-bose","tag-cd","tag-geremia"],"_links":{"self":[{"href":"https:\/\/archivio.cercoiltuovolto.it\/index.php?rest_route=\/wp\/v2\/posts\/232686","targetHints":{"allow":["GET"]}}],"collection":[{"href":"https:\/\/archivio.cercoiltuovolto.it\/index.php?rest_route=\/wp\/v2\/posts"}],"about":[{"href":"https:\/\/archivio.cercoiltuovolto.it\/index.php?rest_route=\/wp\/v2\/types\/post"}],"author":[{"embeddable":true,"href":"https:\/\/archivio.cercoiltuovolto.it\/index.php?rest_route=\/wp\/v2\/users\/3"}],"replies":[{"embeddable":true,"href":"https:\/\/archivio.cercoiltuovolto.it\/index.php?rest_route=%2Fwp%2Fv2%2Fcomments&post=232686"}],"version-history":[{"count":0,"href":"https:\/\/archivio.cercoiltuovolto.it\/index.php?rest_route=\/wp\/v2\/posts\/232686\/revisions"}],"wp:attachment":[{"href":"https:\/\/archivio.cercoiltuovolto.it\/index.php?rest_route=%2Fwp%2Fv2%2Fmedia&parent=232686"}],"wp:term":[{"taxonomy":"category","embeddable":true,"href":"https:\/\/archivio.cercoiltuovolto.it\/index.php?rest_route=%2Fwp%2Fv2%2Fcategories&post=232686"},{"taxonomy":"post_tag","embeddable":true,"href":"https:\/\/archivio.cercoiltuovolto.it\/index.php?rest_route=%2Fwp%2Fv2%2Ftags&post=232686"}],"curies":[{"name":"wp","href":"https:\/\/api.w.org\/{rel}","templated":true}]}}