{"id":232639,"date":"2011-09-07T13:00:14","date_gmt":"2011-09-07T13:00:14","guid":{"rendered":"https:\/\/archivio.cercoiltuovolto.it\/?p=232639"},"modified":"2011-09-07T13:00:14","modified_gmt":"2011-09-07T13:00:14","slug":"vito-mancuso-io-e-dio","status":"publish","type":"post","link":"https:\/\/archivio.cercoiltuovolto.it\/?p=232639","title":{"rendered":"Vito Mancuso &#8211; Io e Dio"},"content":{"rendered":"<blockquote>\n<p style=\"text-align: justify;\"><strong>Incipit del libro<\/strong><\/p>\n<p style=\"text-align: justify;\"><a href=\"http:\/\/www.cercoiltuovolto.it\/wp-content\/uploads\/2011\/09\/Mancuso-Io-e-Dio.jpg\"><img loading=\"lazy\" decoding=\"async\" class=\"alignleft size-full wp-image-20121\" title=\"Mancuso-Io e Dio\" src=\"http:\/\/www.cercoiltuovolto.it\/wp-content\/uploads\/2011\/09\/Mancuso-Io-e-Dio.jpg\" alt=\"\" width=\"142\" height=\"215\" \/><\/a>\u201cMi alzo con la mente in un punto al di sopra del pianeta e lo guardo dall\u2019alto, come se fosse la prima volta, come quando vedo un film e mi chiedo qual \u00e8 il suo messaggio. Qual \u00e8 il messaggio della vita degli uomini sulla terra? Con la mente l\u00e0 in alto, libera dai consueti schemi mentali, nuda di fronte al mistero dell\u2019essere, in questo momento, immagine di ogni altro momento della storia, guardo gli uomini miei simili alle prese col mistero dell\u2019esistenza.\u00a0<br \/>Vedo esseri umani che nascono ed esseri umani che muoiono, sottoposti come ogni altra forma di vita al ciclo del divenire;<br \/>vedo due ragazzi che si baciano e si sentono immortali, e un vecchio solo che nessuno pi\u00f9 vuole e nessuno pi\u00f9 sa; vedo una donna che mi ha scritto dicendomi che soffre da ormai troppi anni per una paralisi sempre pi\u00f9 devastante e che ora vuole solo al pi\u00f9 presto morire, e vedo altri esseri umani nutriti artificialmente e che respirano artificialmente ma che per questo non hanno perso la voglia di vivere e di continuare a esserci.\u00a0<br \/>Vedo uomini che si affrettano come formiche sui marciapiedi delle metropoli, e altri che se ne stanno da soli in luoghi deserti.\u00a0<br \/>Vedo commerci sessuali di ogni tipo, per amore, per denaro, per cattiveria, per noia o per il solo naturalissimo desiderio del piacere.<br \/>Vedo bambini che si ingozzano di cibo artificiale e altri che muoiono di fame.\u00a0<br \/>Vedo una tavola apparecchiata con grazia, la tovaglia fresca di bucato, le posate al loro posto, i bicchieri dell\u2019acqua e del vino, i tovaglioli candidi, e una donna che gioisce di poter servire il pranzo ai suoi cari.\u00a0<br \/>Vedo una ragazza che suona Bach al violoncello e giovani che si riversano nelle orecchie dei suoni che non \u00e8 possibile definire musica, perch\u00e9 non hanno nulla a che fare con le Muse.<br \/>Vedo lotte per il potere, dittatori assassini, terroristi altrettanto assassini, e vedo chi si batte e muore per la giustizia, martire della libert\u00e0.\u00a0<br \/>Vedo campi di concentramento e campi di sterminio, lager, gulag, laogai, dove esseri umani sono privati di ogni dignit\u00e0 e sterminati con la stessa meticolosa attenzione e sovrana noncuranza con cui si eliminiamo I pidocchi dai capelli, e vedo ospedali e case di cura dove esseri umani sono colmati di ogni dignit\u00e0 e lavati, nutriti, accarezzati con la stessa meticolosa attenzione e l\u2019affetto pi\u00f9 delicato che si riservano ai figli.<br \/>Vedo riti millenari e liturgie arcane, accanto a bestemmie rabbiose e ad altre dette cos\u00ec, come si dice \u201cva l\u00e0\u201d.\u00a0<br \/>Vedo indegni approfittatori del nome di Dio, altri che ne sono un luminoso riflesso, alcuni che ne rimangono del tutto indifferenti.\u00a0<br \/>Vedo il bene e il male che gli uomini e le donne sono capaci di generare e che spesso \u00e8 quasi impossibile distinguere; vedo lo scorrere del tempo che corrode ogni cosa, e il prodigio di opere umane capaci persino di vincere il tempo.\u00a0<br \/>Vedo una storia senza senso che si nutre del sangue di esseri umani e di animali, e vedo un progresso indubitabile in termini di benessere e di giustizia.\u00a0<br \/>Vedo la bellezza e la deformit\u00e0, vedo una natura che \u00e8 madre e a volte \u00e8 matrigna, un cielo stellato che attrae e insieme impaurisce, con il suo freddo infinito.<br \/>Vedo tutto questo, e molte altre grazie e molte altre deformit\u00e0, e mi chiedo se c\u2019\u00e8 un senso unitario di questo teatro, e qual \u00e8. Questa vita, dentro cui siamo capitati nascendo senza sapere perch\u00e9, ha mille ragioni per essere una grazia, e mille altre per essere una disgrazia: ma che cos\u2019\u00e8 che \u00e8 vero? Che \u00e8 una grazia, o una disgrazia? E poi vedo i miei morti. Ognuno ha i suoi morti. Nonni, genitori, amici, fratelli.\u00a0<br \/>Vi sono esseri umani a cui \u00e8 dato di vivere la morte di un figlio, e non esiste dolore pi\u00f9 grande. E al cospetto dei morti, di fronte ai quali non si pu\u00f2 mentire, pongo la questione della verit\u00e0: \u00e8 un bene o un male che essi ci siano stati, che siano vissuti, che siano apparsi in questo mondo?\u00a0<br \/>Se alla fine comunque si deve morire, \u00e8 meglio nascere o non nascere, essere stati o non essere mai stati, essere o non essere? E poi mi chiedo che fine hanno fatto, loro proprio loro, ognuno diverso dall\u2019altro, irripetibile, con la sua voce, il suo sorriso, la luce singolare degli occhi. Li potrei descrivere tutti, a uno a uno, i miei morti, come ognuno potrebbe descrivere i suoi, perch\u00e9 sono dentro di noi e niente mai ci separer\u00e0 da loro.\u00a0<strong>Ma che cos\u2019\u00e8 che \u00e8 vero, alla fine, per me e per loro, di questa vita che se ne va, nessuno sa dove?<\/strong><\/p>\n<p><strong>\u201cRispondere a questa domanda significa parlare di Dio.\u201d<\/strong><br \/>Vito Mancuso,\u00a0<em>Io e Dio<\/em><\/p>\n<\/blockquote>\n<h3>Il BookTrailer<\/h3>\n<p style=\"text-align: center;\">\n<div class=\"entry-content-asset videofit\"><iframe loading=\"lazy\" title=\"Vito Mancuso, Io e Dio\" width=\"720\" height=\"405\" src=\"https:\/\/www.youtube.com\/embed\/JXT_aykqtlM?feature=oembed\" frameborder=\"0\" allow=\"accelerometer; autoplay; clipboard-write; encrypted-media; gyroscope; picture-in-picture; web-share\" referrerpolicy=\"strict-origin-when-cross-origin\" allowfullscreen><\/iframe><\/div>\n<\/p>\n<h3 style=\"text-align: left;\">Guarda l&#8217;intervista a &#8220;<a href=\"http:\/\/www.rai.tv\/dl\/RaiTV\/programmi\/media\/ContentItem-75df6532-29c2-4c14-a3ee-7dea67de8632.html\">Che tempo che fa<\/a>&#8220;<\/h3>\n<p class=\"sito-web\">Link utili:<\/p>\n<p class=\"acquista-paragrafo\"><a href=\"http:\/\/www.ibs.it\/ser\/serdsp.asp?shop=3462&amp;isbn=978881160129-6\" target=\"_blank\">Acquista il libro<\/a> su IBS &#8211; anche <strong>eBook<\/strong> in formato <a href=\"http:\/\/www.ibs.it\/ebook\/dio\/libro_giorno\/9788811133162.html?shop=3462\">epub<\/a>\u00a0e <a href=\"http:\/\/www.ibs.it\/ebook\/Mancuso-Vito\/Io-e-Dio\/9788811133179.html?shop=3462\">pdf<\/a><\/p>\n<p class=\"acquista-paragrafo\"><a href=\"http:\/\/www.libreriadelsanto.it\/libri\/9788811601296\/io-e-dio.html?p=sot\" target=\"_blank\">Acquista il libro<\/a> su Libreria del Santo<\/p>\n","protected":false},"excerpt":{"rendered":"<p>Incipit del libro \u201cMi alzo con la mente in un punto al di sopra del pianeta e lo guardo dall\u2019alto, come se fosse la prima volta, come quando vedo un film e mi chiedo qual \u00e8 il suo messaggio. Qual \u00e8 il messaggio della vita degli uomini sulla terra? Con la mente l\u00e0 in alto,&#8230;<\/p>\n","protected":false},"author":3,"featured_media":0,"comment_status":"closed","ping_status":"closed","sticky":false,"template":"","format":"standard","meta":{"_kad_post_transparent":"","_kad_post_title":"","_kad_post_layout":"","_kad_post_sidebar_id":"","_kad_post_content_style":"","_kad_post_vertical_padding":"","_kad_post_feature":"","_kad_post_feature_position":"","_kad_post_header":false,"_kad_post_footer":false,"_kad_post_classname":"","footnotes":""},"categories":[101,136],"tags":[17],"class_list":["post-232639","post","type-post","status-publish","format-standard","hentry","category-101","category-dio","tag-libri"],"_links":{"self":[{"href":"https:\/\/archivio.cercoiltuovolto.it\/index.php?rest_route=\/wp\/v2\/posts\/232639","targetHints":{"allow":["GET"]}}],"collection":[{"href":"https:\/\/archivio.cercoiltuovolto.it\/index.php?rest_route=\/wp\/v2\/posts"}],"about":[{"href":"https:\/\/archivio.cercoiltuovolto.it\/index.php?rest_route=\/wp\/v2\/types\/post"}],"author":[{"embeddable":true,"href":"https:\/\/archivio.cercoiltuovolto.it\/index.php?rest_route=\/wp\/v2\/users\/3"}],"replies":[{"embeddable":true,"href":"https:\/\/archivio.cercoiltuovolto.it\/index.php?rest_route=%2Fwp%2Fv2%2Fcomments&post=232639"}],"version-history":[{"count":0,"href":"https:\/\/archivio.cercoiltuovolto.it\/index.php?rest_route=\/wp\/v2\/posts\/232639\/revisions"}],"wp:attachment":[{"href":"https:\/\/archivio.cercoiltuovolto.it\/index.php?rest_route=%2Fwp%2Fv2%2Fmedia&parent=232639"}],"wp:term":[{"taxonomy":"category","embeddable":true,"href":"https:\/\/archivio.cercoiltuovolto.it\/index.php?rest_route=%2Fwp%2Fv2%2Fcategories&post=232639"},{"taxonomy":"post_tag","embeddable":true,"href":"https:\/\/archivio.cercoiltuovolto.it\/index.php?rest_route=%2Fwp%2Fv2%2Ftags&post=232639"}],"curies":[{"name":"wp","href":"https:\/\/api.w.org\/{rel}","templated":true}]}}