{"id":232636,"date":"2011-09-08T06:00:45","date_gmt":"2011-09-08T06:00:45","guid":{"rendered":"https:\/\/archivio.cercoiltuovolto.it\/?p=232636"},"modified":"2011-09-08T06:00:45","modified_gmt":"2011-09-08T06:00:45","slug":"il-principe-e-il-pescatore-pio-xii-il-nazismo-e-la-tomba-di-san-pietro","status":"publish","type":"post","link":"https:\/\/archivio.cercoiltuovolto.it\/?p=232636","title":{"rendered":"Il principe e il pescatore. Pio XII, il nazismo e la tomba di San Pietro"},"content":{"rendered":"<p style=\"text-align: justify;\"><a href=\"http:\/\/www.cercoiltuovolto.it\/wp-content\/uploads\/2011\/09\/Il-principe-e-il-pescatore.jpg\"><img loading=\"lazy\" decoding=\"async\" class=\"alignleft size-medium wp-image-20108\" title=\"Il principe e il pescatore\" src=\"http:\/\/www.cercoiltuovolto.it\/wp-content\/uploads\/2011\/09\/Il-principe-e-il-pescatore-195x300.jpg\" alt=\"\" width=\"195\" height=\"300\" \/><\/a>Nel giugno 1939, Pio XII (Eugenio Pacelli) annuncia ufficialmente l&#8217;avvio degli scavi sotto le fondamenta della basilica vaticana: proprio l\u00ec dovrebbe trovarsi, come attesta una tradizione antichissima, la tomba dell&#8217;apostolo Pietro, deposto sul colle Vaticano al tempo di Nerone (64 d.C). L&#8217;operazione \u00e8 condotta in un clima di riservatezza assoluta. Il segreto continua e si rafforza negli anni pi\u00f9 critici della seconda guerra mondiale, persino quando Roma, dopo il crollo del fascismo e la firma dell&#8217;armistizio con gli Alleati, viene occupata dai nazisti. Tutto ruota intorno alla figura di Ludwig Kaas, il monsignore a cui Pio XII affida la direzione di quei delicatissimi scavi. Kaas \u00e8 in contatto diretto e confidenziale con Josef M\u00f9ller, un ignoto avvocato di Monaco: pur essendo estraneo al Vaticano, Muller scender\u00e0 pi\u00f9 volte in aereo da Berlino fino a Roma e sar\u00e0 ammesso a visitare la necropoli, mentre l&#8217;ingresso agli scavi resta inaccessibile a tutti, compresi i cardinali del Sacro Collegio. Barbara Frale ricostruisce una vicenda complessa e a tratti oscura. Proprio come accade durante le complicate fasi di uno scavo archeologico, quando un detrito o un frammento, di per s\u00e9 marginali, acquistano di colpo un significato profondo e insperato, cos\u00ec l&#8217;indagine dell&#8217;autrice sul rapporto tra Pio XII, il nazismo e la persecuzione degli ebrei si arricchisce pagina dopo pagina di nuovi dettagli e ipotesi interpretative, spesso trascurate dalla ricerca storica.<\/p>\n<div class=\"powerpressbox\" style=\"text-align: center;\">http:\/\/www.youtube.com\/watch?v=5nwihzJHQzs<\/div>\n<p class=\"acquista-paragrafo\"><a href=\"http:\/\/www.ibs.it\/code\/9788804609018\/frale-barbara\/principe-pescatore-pio.html?shop=3462\" target=\"_blank\">Acquista il libro<\/a> su IBS<\/p>\n","protected":false},"excerpt":{"rendered":"<p>Nel giugno 1939, Pio XII (Eugenio Pacelli) annuncia ufficialmente l&#8217;avvio degli scavi sotto le fondamenta della basilica vaticana: proprio l\u00ec dovrebbe trovarsi, come attesta una tradizione antichissima, la tomba dell&#8217;apostolo Pietro, deposto sul colle Vaticano al tempo di Nerone (64 d.C). L&#8217;operazione \u00e8 condotta in un clima di riservatezza assoluta. Il segreto continua e si&#8230;<\/p>\n","protected":false},"author":3,"featured_media":0,"comment_status":"closed","ping_status":"closed","sticky":false,"template":"","format":"standard","meta":{"_kad_post_transparent":"","_kad_post_title":"","_kad_post_layout":"","_kad_post_sidebar_id":"","_kad_post_content_style":"","_kad_post_vertical_padding":"","_kad_post_feature":"","_kad_post_feature_position":"","_kad_post_header":false,"_kad_post_footer":false,"_kad_post_classname":"","footnotes":""},"categories":[101,3],"tags":[545,546],"class_list":["post-232636","post","type-post","status-publish","format-standard","hentry","category-101","category-libri","tag-nazismo","tag-san-pietro"],"_links":{"self":[{"href":"https:\/\/archivio.cercoiltuovolto.it\/index.php?rest_route=\/wp\/v2\/posts\/232636","targetHints":{"allow":["GET"]}}],"collection":[{"href":"https:\/\/archivio.cercoiltuovolto.it\/index.php?rest_route=\/wp\/v2\/posts"}],"about":[{"href":"https:\/\/archivio.cercoiltuovolto.it\/index.php?rest_route=\/wp\/v2\/types\/post"}],"author":[{"embeddable":true,"href":"https:\/\/archivio.cercoiltuovolto.it\/index.php?rest_route=\/wp\/v2\/users\/3"}],"replies":[{"embeddable":true,"href":"https:\/\/archivio.cercoiltuovolto.it\/index.php?rest_route=%2Fwp%2Fv2%2Fcomments&post=232636"}],"version-history":[{"count":0,"href":"https:\/\/archivio.cercoiltuovolto.it\/index.php?rest_route=\/wp\/v2\/posts\/232636\/revisions"}],"wp:attachment":[{"href":"https:\/\/archivio.cercoiltuovolto.it\/index.php?rest_route=%2Fwp%2Fv2%2Fmedia&parent=232636"}],"wp:term":[{"taxonomy":"category","embeddable":true,"href":"https:\/\/archivio.cercoiltuovolto.it\/index.php?rest_route=%2Fwp%2Fv2%2Fcategories&post=232636"},{"taxonomy":"post_tag","embeddable":true,"href":"https:\/\/archivio.cercoiltuovolto.it\/index.php?rest_route=%2Fwp%2Fv2%2Ftags&post=232636"}],"curies":[{"name":"wp","href":"https:\/\/api.w.org\/{rel}","templated":true}]}}