{"id":232620,"date":"2011-09-04T09:03:57","date_gmt":"2011-09-04T09:03:57","guid":{"rendered":"https:\/\/archivio.cercoiltuovolto.it\/?p=232620"},"modified":"2011-09-04T09:03:57","modified_gmt":"2011-09-04T09:03:57","slug":"commento-al-vangelo-del-4-settembre-2011-p-massimo-granieri","status":"publish","type":"post","link":"https:\/\/archivio.cercoiltuovolto.it\/?p=232620","title":{"rendered":"Commento al Vangelo del 4 settembre 2011 &#8211; p. Massimo Granieri"},"content":{"rendered":"<p style=\"text-align: center;\">\n<p style=\"text-align: justify;\">Il commento sulla Parola di Dio proclamata durante la liturgia festiva.\u00a0In onda la domenica alle ore 8.05 del mattino su <a href=\"http:\/\/rlb.it\/\" target=\"_blank\">RLB<\/a>.\u00a0<\/p>\n<blockquote>\n<p style=\"text-align: justify;\">In quel tempo, Ges\u00f9 disse ai suoi discepoli:\u00a0\u00abSe il tuo fratello commetter\u00e0 una colpa contro di te, va\u2019 e ammoniscilo fra te e lui solo; se ti ascolter\u00e0, avrai guadagnato il tuo fratello; se non ascolter\u00e0, prendi ancora con te una o due persone, perch\u00e9 ogni cosa sia risolta sulla parola di due o tre testimoni.\u00a0Se poi non ascolter\u00e0 costoro, dillo alla comunit\u00e0; e se non ascolter\u00e0 neanche la comunit\u00e0, sia per te come il pagano e il pubblicano.\u00a0In verit\u00e0 io vi dico: tutto quello che legherete sulla terra sar\u00e0 legato in cielo, e tutto quello che scioglierete sulla terra sar\u00e0 sciolto in cielo.\u00a0In verit\u00e0 io vi dico ancora: se due di voi sulla terra si metteranno d\u2019accordo per chiedere qualunque cosa, il Padre mio che \u00e8 nei cieli gliela conceder\u00e0. Perch\u00e9 dove sono due o tre riuniti\u00a0nel mio nome, l\u00ec sono io in mezzo a loro\u00bb. (Mt 18,15-20)<\/p>\n<\/blockquote>\n<div class=\"powerpressbox\" style=\"text-align: justify;\">[powerpress]<\/div>\n<p class=\"link\">Fonte: <a href=\"http:\/\/www.maxgranieri.it\/2011\/buonanotizia\/4settembre\/\">p. Massimo Granieri<\/a><\/p>\n","protected":false},"excerpt":{"rendered":"<p>Il commento sulla Parola di Dio proclamata durante la liturgia festiva.\u00a0In onda la domenica alle ore 8.05 del mattino su RLB.\u00a0 In quel tempo, Ges\u00f9 disse ai suoi discepoli:\u00a0\u00abSe il tuo fratello commetter\u00e0 una colpa contro di te, va\u2019 e ammoniscilo fra te e lui solo; se ti ascolter\u00e0, avrai guadagnato il tuo fratello; se&#8230;<\/p>\n","protected":false},"author":3,"featured_media":0,"comment_status":"closed","ping_status":"closed","sticky":false,"template":"","format":"standard","meta":{"_kad_post_transparent":"","_kad_post_title":"","_kad_post_layout":"","_kad_post_sidebar_id":"","_kad_post_content_style":"","_kad_post_vertical_padding":"","_kad_post_feature":"","_kad_post_feature_position":"","_kad_post_header":false,"_kad_post_footer":false,"_kad_post_classname":"","footnotes":""},"categories":[101,147],"tags":[385,31,172],"class_list":["post-232620","post","type-post","status-publish","format-standard","hentry","category-101","category-commento-al-vangelo","tag-passionisti","tag-radio-nel-web","tag-vangelo-della-domenica"],"_links":{"self":[{"href":"https:\/\/archivio.cercoiltuovolto.it\/index.php?rest_route=\/wp\/v2\/posts\/232620","targetHints":{"allow":["GET"]}}],"collection":[{"href":"https:\/\/archivio.cercoiltuovolto.it\/index.php?rest_route=\/wp\/v2\/posts"}],"about":[{"href":"https:\/\/archivio.cercoiltuovolto.it\/index.php?rest_route=\/wp\/v2\/types\/post"}],"author":[{"embeddable":true,"href":"https:\/\/archivio.cercoiltuovolto.it\/index.php?rest_route=\/wp\/v2\/users\/3"}],"replies":[{"embeddable":true,"href":"https:\/\/archivio.cercoiltuovolto.it\/index.php?rest_route=%2Fwp%2Fv2%2Fcomments&post=232620"}],"version-history":[{"count":0,"href":"https:\/\/archivio.cercoiltuovolto.it\/index.php?rest_route=\/wp\/v2\/posts\/232620\/revisions"}],"wp:attachment":[{"href":"https:\/\/archivio.cercoiltuovolto.it\/index.php?rest_route=%2Fwp%2Fv2%2Fmedia&parent=232620"}],"wp:term":[{"taxonomy":"category","embeddable":true,"href":"https:\/\/archivio.cercoiltuovolto.it\/index.php?rest_route=%2Fwp%2Fv2%2Fcategories&post=232620"},{"taxonomy":"post_tag","embeddable":true,"href":"https:\/\/archivio.cercoiltuovolto.it\/index.php?rest_route=%2Fwp%2Fv2%2Ftags&post=232620"}],"curies":[{"name":"wp","href":"https:\/\/api.w.org\/{rel}","templated":true}]}}