{"id":232617,"date":"2011-09-01T16:48:23","date_gmt":"2011-09-01T16:48:23","guid":{"rendered":"https:\/\/archivio.cercoiltuovolto.it\/?p=232617"},"modified":"2011-09-01T16:48:23","modified_gmt":"2011-09-01T16:48:23","slug":"commento-al-vangelo-del-4-settembre-2011-don-emilio-lonzi","status":"publish","type":"post","link":"https:\/\/archivio.cercoiltuovolto.it\/?p=232617","title":{"rendered":"Commento al Vangelo del 4 settembre 2011 &#8211; don Emilio Lonzi"},"content":{"rendered":"<p style=\"text-align: center;\"><a href=\"http:\/\/www.cercoiltuovolto.it\/wp-content\/uploads\/2011\/07\/don-Emilio-Lonzi.jpg\"><img loading=\"lazy\" decoding=\"async\" class=\"aligncenter size-large wp-image-19554\" title=\"don Emilio Lonzi\" src=\"http:\/\/www.cercoiltuovolto.it\/wp-content\/uploads\/2011\/07\/don-Emilio-Lonzi-339x450.jpg\" alt=\"\" width=\"339\" height=\"450\" \/><\/a><\/p>\n<p style=\"text-align: justify;\">Il Vangelo della <strong>XXIII domenica del Tempo Ordinario<\/strong> commentato da don Emilio Lonzi,\u00a0Parroco in solido, direttore dell&#8217;ufficio catechistico, rettore Seminario Diocesano dell&#8217;<strong>Arcidiocesi Pescara-Penne<\/strong>.<\/p>\n<div class=\"powerpressbox\">[powerpress]<\/div>\n<blockquote>\n<p style=\"text-align: justify;\"><em><em><em><em>Mt 18, 15-20<\/em><\/em><\/em> (<a href=\"http:\/\/www.laporzione.it\/wp-content\/uploads\/2011\/09\/Verbo-sonoro-XXIII-domenica-del-Tempo-Ordinario.mp3\">in formato mp3<\/a>)<\/em><br \/><em><em>Dal Vangelo secondo\u00a0Matteo<\/em><\/em><\/p>\n<p style=\"text-align: justify;\">In quel tempo, Ges\u00f9 disse ai suoi discepoli:<br \/>\u00abSe il tuo fratello commetter\u00e0 una colpa contro di te, va\u2019 e ammoniscilo fra te e lui solo; se ti ascolter\u00e0, avrai guadagnato il tuo fratello; se non ascolter\u00e0, prendi ancora con te una o due persone, perch\u00e9 ogni cosa sia risolta sulla parola di due o tre testimoni. Se poi non ascolter\u00e0 costoro, dillo alla comunit\u00e0; e se non ascolter\u00e0 neanche la comunit\u00e0, sia per te come il pagano e il pubblicano.<br \/>In verit\u00e0 io vi dico: tutto quello che legherete sulla terra sar\u00e0 legato in cielo, e tutto quello che scioglierete sulla terra sar\u00e0 sciolto in cielo.<br \/>In verit\u00e0 io vi dico ancora: se due di voi sulla terra si metteranno d\u2019accordo per chiedere qualunque cosa, il Padre mio che \u00e8 nei cieli gliela conceder\u00e0. Perch\u00e9 dove sono due o tre riuniti nel mio nome, l\u00ec sono io in mezzo a loro\u00bb.<\/p>\n<p>C: Parola del Signore.<br \/>A: Lode a Te o Cristo.<\/p>\n<\/blockquote>\n<p class=\"link\">Fonte: <a href=\"http:\/\/www.laporzione.it\/2011\/09\/01\/omelie-in-web-xxiii-domenica-del-tempo-ordinario\/\">la Porzione<\/a><\/p>\n","protected":false},"excerpt":{"rendered":"<p>Il Vangelo della XXIII domenica del Tempo Ordinario commentato da don Emilio Lonzi,\u00a0Parroco in solido, direttore dell&#8217;ufficio catechistico, rettore Seminario Diocesano dell&#8217;Arcidiocesi Pescara-Penne. [powerpress] Mt 18, 15-20 (in formato mp3)Dal Vangelo secondo\u00a0Matteo In quel tempo, Ges\u00f9 disse ai suoi discepoli:\u00abSe il tuo fratello commetter\u00e0 una colpa contro di te, va\u2019 e ammoniscilo fra te e&#8230;<\/p>\n","protected":false},"author":3,"featured_media":0,"comment_status":"closed","ping_status":"closed","sticky":false,"template":"","format":"standard","meta":{"_kad_post_transparent":"","_kad_post_title":"","_kad_post_layout":"","_kad_post_sidebar_id":"","_kad_post_content_style":"","_kad_post_vertical_padding":"","_kad_post_feature":"","_kad_post_feature_position":"","_kad_post_header":false,"_kad_post_footer":false,"_kad_post_classname":"","footnotes":""},"categories":[101,147],"tags":[62,172],"class_list":["post-232617","post","type-post","status-publish","format-standard","hentry","category-101","category-commento-al-vangelo","tag-diocesi","tag-vangelo-della-domenica"],"_links":{"self":[{"href":"https:\/\/archivio.cercoiltuovolto.it\/index.php?rest_route=\/wp\/v2\/posts\/232617","targetHints":{"allow":["GET"]}}],"collection":[{"href":"https:\/\/archivio.cercoiltuovolto.it\/index.php?rest_route=\/wp\/v2\/posts"}],"about":[{"href":"https:\/\/archivio.cercoiltuovolto.it\/index.php?rest_route=\/wp\/v2\/types\/post"}],"author":[{"embeddable":true,"href":"https:\/\/archivio.cercoiltuovolto.it\/index.php?rest_route=\/wp\/v2\/users\/3"}],"replies":[{"embeddable":true,"href":"https:\/\/archivio.cercoiltuovolto.it\/index.php?rest_route=%2Fwp%2Fv2%2Fcomments&post=232617"}],"version-history":[{"count":0,"href":"https:\/\/archivio.cercoiltuovolto.it\/index.php?rest_route=\/wp\/v2\/posts\/232617\/revisions"}],"wp:attachment":[{"href":"https:\/\/archivio.cercoiltuovolto.it\/index.php?rest_route=%2Fwp%2Fv2%2Fmedia&parent=232617"}],"wp:term":[{"taxonomy":"category","embeddable":true,"href":"https:\/\/archivio.cercoiltuovolto.it\/index.php?rest_route=%2Fwp%2Fv2%2Fcategories&post=232617"},{"taxonomy":"post_tag","embeddable":true,"href":"https:\/\/archivio.cercoiltuovolto.it\/index.php?rest_route=%2Fwp%2Fv2%2Ftags&post=232617"}],"curies":[{"name":"wp","href":"https:\/\/api.w.org\/{rel}","templated":true}]}}