{"id":232612,"date":"2011-08-31T11:12:30","date_gmt":"2011-08-31T11:12:30","guid":{"rendered":"https:\/\/archivio.cercoiltuovolto.it\/?p=232612"},"modified":"2011-08-31T11:12:30","modified_gmt":"2011-08-31T11:12:30","slug":"commento-al-vangelo-del-4-settembre-2011-don-fabio-rosini","status":"publish","type":"post","link":"https:\/\/archivio.cercoiltuovolto.it\/?p=232612","title":{"rendered":"Commento al Vangelo del 4 settembre 2011 \u2013 don Fabio Rosini"},"content":{"rendered":"<p style=\"text-align: center;\">\n<p>Il biblista don Fabio Rosini commenta il Vangelo di <strong>domenica prossima <\/strong>dai microfoni di <a href=\"http:\/\/www.radiovaticana.org\/orc\/Articolo.asp?c=516505\" target=\"_blank\">Radio Vaticana<\/a>.<\/p>\n<blockquote>\n<p><em>Mt 18, 15-20<\/em><br \/><em>Dal Vangelo secondo\u00a0Matteo<\/em><\/p>\n<p>In quel tempo, Ges\u00f9 disse ai suoi discepoli:<br \/>\u00abSe il tuo fratello commetter\u00e0 una colpa contro di te, va\u2019 e ammoniscilo fra te e lui solo; se ti ascolter\u00e0, avrai guadagnato il tuo fratello; se non ascolter\u00e0, prendi ancora con te una o due persone, perch\u00e9 ogni cosa sia risolta sulla parola di due o tre testimoni. Se poi non ascolter\u00e0 costoro, dillo alla comunit\u00e0; e se non ascolter\u00e0 neanche la comunit\u00e0, sia per te come il pagano e il pubblicano.<br \/>In verit\u00e0 io vi dico: tutto quello che legherete sulla terra sar\u00e0 legato in cielo, e tutto quello che scioglierete sulla terra sar\u00e0 sciolto in cielo.<br \/>In verit\u00e0 io vi dico ancora: se due di voi sulla terra si metteranno d\u2019accordo per chiedere qualunque cosa, il Padre mio che \u00e8 nei cieli gliela conceder\u00e0. Perch\u00e9 dove sono due o tre riuniti nel mio nome, l\u00ec sono io in mezzo a loro\u00bb.<br \/>C: Parola del Signore.<br \/>A: Lode a Te o Cristo.<\/p>\n<\/blockquote>\n<p><!--adsense--><\/p>\n<div class=\"powerpressbox\">[powerpress]<\/div>\n","protected":false},"excerpt":{"rendered":"<p>Il biblista don Fabio Rosini commenta il Vangelo di domenica prossima dai microfoni di Radio Vaticana. Mt 18, 15-20Dal Vangelo secondo\u00a0Matteo In quel tempo, Ges\u00f9 disse ai suoi discepoli:\u00abSe il tuo fratello commetter\u00e0 una colpa contro di te, va\u2019 e ammoniscilo fra te e lui solo; se ti ascolter\u00e0, avrai guadagnato il tuo fratello; se&#8230;<\/p>\n","protected":false},"author":3,"featured_media":0,"comment_status":"closed","ping_status":"closed","sticky":false,"template":"","format":"standard","meta":{"_kad_post_transparent":"","_kad_post_title":"","_kad_post_layout":"","_kad_post_sidebar_id":"","_kad_post_content_style":"","_kad_post_vertical_padding":"","_kad_post_feature":"","_kad_post_feature_position":"","_kad_post_header":false,"_kad_post_footer":false,"_kad_post_classname":"","footnotes":""},"categories":[101,147],"tags":[276,27,172],"class_list":["post-232612","post","type-post","status-publish","format-standard","hentry","category-101","category-commento-al-vangelo","tag-don-fabio-rosini","tag-radio-vaticana","tag-vangelo-della-domenica"],"_links":{"self":[{"href":"https:\/\/archivio.cercoiltuovolto.it\/index.php?rest_route=\/wp\/v2\/posts\/232612","targetHints":{"allow":["GET"]}}],"collection":[{"href":"https:\/\/archivio.cercoiltuovolto.it\/index.php?rest_route=\/wp\/v2\/posts"}],"about":[{"href":"https:\/\/archivio.cercoiltuovolto.it\/index.php?rest_route=\/wp\/v2\/types\/post"}],"author":[{"embeddable":true,"href":"https:\/\/archivio.cercoiltuovolto.it\/index.php?rest_route=\/wp\/v2\/users\/3"}],"replies":[{"embeddable":true,"href":"https:\/\/archivio.cercoiltuovolto.it\/index.php?rest_route=%2Fwp%2Fv2%2Fcomments&post=232612"}],"version-history":[{"count":0,"href":"https:\/\/archivio.cercoiltuovolto.it\/index.php?rest_route=\/wp\/v2\/posts\/232612\/revisions"}],"wp:attachment":[{"href":"https:\/\/archivio.cercoiltuovolto.it\/index.php?rest_route=%2Fwp%2Fv2%2Fmedia&parent=232612"}],"wp:term":[{"taxonomy":"category","embeddable":true,"href":"https:\/\/archivio.cercoiltuovolto.it\/index.php?rest_route=%2Fwp%2Fv2%2Fcategories&post=232612"},{"taxonomy":"post_tag","embeddable":true,"href":"https:\/\/archivio.cercoiltuovolto.it\/index.php?rest_route=%2Fwp%2Fv2%2Ftags&post=232612"}],"curies":[{"name":"wp","href":"https:\/\/api.w.org\/{rel}","templated":true}]}}