{"id":232605,"date":"2011-08-29T09:11:58","date_gmt":"2011-08-29T09:11:58","guid":{"rendered":"https:\/\/archivio.cercoiltuovolto.it\/?p=232605"},"modified":"2011-08-29T09:11:58","modified_gmt":"2011-08-29T09:11:58","slug":"liturgia-dio-entra-nella-storia-delluomo-e-ci-educa","status":"publish","type":"post","link":"https:\/\/archivio.cercoiltuovolto.it\/?p=232605","title":{"rendered":"Liturgia &#8211; Dio entra nella storia dell&#8217;uomo e ci educa"},"content":{"rendered":"<blockquote>\n<p style=\"text-align: justify;\">&#8216;Nella Liturgia Dio entra nella storia dell&#8217;uomo e ci educa, sollecita, richiama, ci invita a una &#8220;vita buona&#8221;. Ecco perch\u00e9 ogni azione liturgica porta sempre con s\u00e9 un valore sociale, potremmo dire anche politico&#8217;.<\/p>\n<\/blockquote>\n<p style=\"text-align: justify;\">Lo ricorda mons. Felice di Molfetta, vescovo di Cerignola-Ascoli Satriano e presidente del Centro Azione Liturgica (CAL), in margine alla 62ma Settimana Liturgica Nazionale italiana in svolgimento fino a sabato a Trieste sul tema &#8216;Dio educa il suo popolo&#8217;.<\/p>\n<p style=\"text-align: justify;\">&#8216;In apertura del decennio che la CEI dedica al tema &#8220;Educare alla vita buona del Vangelo&#8221; abbiamo voluto dare il nostro contributo sottolineando il valore educativo, catechetico, della liturgia e il primato di Dio nell&#8217;azione liturgica&#8217; ricorda il presule. &#8216;Durante i sacri riti la grammatica dell&#8217;incarnazione di Dio raggiunge l'&#8221;hic et nunc&#8221; e raggiunge cos\u00ec la comunit\u00e0 credente.<\/p>\n<p style=\"text-align: justify;\">Nella Liturgia Dio si rende vivo e presente e diventa educatore del suo popolo. Dio non \u00e8 un&#8217;entit\u00e0 estratta ma una persona con cui relazionarsi e il luogo dove avviene questa relazione \u00e8 la liturgia, &#8220;l&#8217;epifania del mistero&#8221;. E nel momento in cui lo incontriamo la nostra vita cambia totalmente&#8217;.<\/p>\n<p style=\"text-align: justify;\">&#8216;Ci sono alcuni casi in cui il primato &#8211; ricorda mons. di Molfetta &#8211; invece di essere dato a Dio, viene dato a colui che presiede il rito, che, forse mosso dalla volont\u00e0 di accattivarsi il popolo e guadagnarne la simpatia, utilizza alcune espressioni troppo popolari. Ci possono essere atteggiamenti di sciatteria che contraddicono la necessit\u00e0 che la liturgia educhi alla bellezza. Ci possono essere questi pericoli, ma laddove ci sono tanti presbiteri che rispettano la liturgia ci\u00f2 non accade. C&#8217;\u00e8 qualche deriva ma non dobbiamo generalizzare&#8217;.<\/p>\n<p style=\"text-align: justify;\">&#8216;La Liturgia va vissuta nella sua verit\u00e0 in pienezza, questa \u00e8 la vera novit\u00e0&#8217; aggiunge mons. Giampaolo Crepaldi, Arcivescovo, vescovo di Trieste, citt\u00e0 che ospita quest&#8217;anno la Settimana Liturgica. &#8216;Solo se viviamo la Liturgia fino in fondo nasce quella spinta missionaria che d\u00e0 una risposta alle esigenze di evangelizzazione che la nostra societ\u00e0 presenta. E anche qui a Trieste c&#8217;\u00e8 tanto bisogno di Vangelo&#8217; aggiunge mons. Crepaldi.<\/p>\n<p style=\"text-align: justify;\">&#8216;C&#8217;\u00e8 da riscoprire la Liturgia, facendo un grande sforzo educativo, di preparazione all&#8217;esperienza liturgica. Tutte le realt\u00e0 che compongono la Chiesa dovrebbero fare un salto di qualit\u00e0 su questo fronte&#8217; prosegue il vescovo di Trieste. &#8216;Scontiamo oggi tanti secoli di diseducazione liturgica che devono essere piano, piano colmati. Solo cos\u00ec la vita liturgica potr\u00e0 portare i suoi straordinari frutti&#8217;.<\/p>\n<p style=\"text-align: justify;\">&#8216;Durante la GMG di Madrid la dimensione liturgica ha avuto una straordinaria importanza&#8217; ricorda infine l&#8217;arcivescovo Crepaldi, che ha guidato nella capitale spagnola circa 500 giovani della sua diocesi.<\/p>\n<p style=\"text-align: justify;\">&#8216;Durante le celebrazioni il Papa non concedeva nulla. Era di una sobriet\u00e0 e di un rigore eccezionali nella liturgia. Ma, proprio attraverso questo rispetto dell'&#8221;ordo&#8221; liturgico riusciva a essere assolutamente convincente, trasmettendo un messaggio forte e straordinario ai giovani, che lo amano perch\u00e9 vedono in lui qualcosa di pi\u00f9 grande e cio\u00e8 Ges\u00f9 Cristo. E&#8217; questa la grande fatica del Papa, fare incontrare i giovani con il Signore Ges\u00f9&#8217;.<\/p>\n<p style=\"text-align: justify;\">(a cura di Fabio Colagrande &#8211;<a href=\"http:\/\/www.radiovaticana.org\/105\/articolo.asp?c=515369\"> Radio Vaticana<\/a>)<\/p>\n","protected":false},"excerpt":{"rendered":"<p>&#8216;Nella Liturgia Dio entra nella storia dell&#8217;uomo e ci educa, sollecita, richiama, ci invita a una &#8220;vita buona&#8221;. Ecco perch\u00e9 ogni azione liturgica porta sempre con s\u00e9 un valore sociale, potremmo dire anche politico&#8217;. Lo ricorda mons. Felice di Molfetta, vescovo di Cerignola-Ascoli Satriano e presidente del Centro Azione Liturgica (CAL), in margine alla 62ma&#8230;<\/p>\n","protected":false},"author":3,"featured_media":0,"comment_status":"closed","ping_status":"closed","sticky":false,"template":"","format":"standard","meta":{"_kad_post_transparent":"","_kad_post_title":"","_kad_post_layout":"","_kad_post_sidebar_id":"","_kad_post_content_style":"","_kad_post_vertical_padding":"","_kad_post_feature":"","_kad_post_feature_position":"","_kad_post_header":false,"_kad_post_footer":false,"_kad_post_classname":"","footnotes":""},"categories":[101,4],"tags":[179,27],"class_list":["post-232605","post","type-post","status-publish","format-standard","hentry","category-101","category-audio-cattolici","tag-liturgia","tag-radio-vaticana"],"_links":{"self":[{"href":"https:\/\/archivio.cercoiltuovolto.it\/index.php?rest_route=\/wp\/v2\/posts\/232605","targetHints":{"allow":["GET"]}}],"collection":[{"href":"https:\/\/archivio.cercoiltuovolto.it\/index.php?rest_route=\/wp\/v2\/posts"}],"about":[{"href":"https:\/\/archivio.cercoiltuovolto.it\/index.php?rest_route=\/wp\/v2\/types\/post"}],"author":[{"embeddable":true,"href":"https:\/\/archivio.cercoiltuovolto.it\/index.php?rest_route=\/wp\/v2\/users\/3"}],"replies":[{"embeddable":true,"href":"https:\/\/archivio.cercoiltuovolto.it\/index.php?rest_route=%2Fwp%2Fv2%2Fcomments&post=232605"}],"version-history":[{"count":0,"href":"https:\/\/archivio.cercoiltuovolto.it\/index.php?rest_route=\/wp\/v2\/posts\/232605\/revisions"}],"wp:attachment":[{"href":"https:\/\/archivio.cercoiltuovolto.it\/index.php?rest_route=%2Fwp%2Fv2%2Fmedia&parent=232605"}],"wp:term":[{"taxonomy":"category","embeddable":true,"href":"https:\/\/archivio.cercoiltuovolto.it\/index.php?rest_route=%2Fwp%2Fv2%2Fcategories&post=232605"},{"taxonomy":"post_tag","embeddable":true,"href":"https:\/\/archivio.cercoiltuovolto.it\/index.php?rest_route=%2Fwp%2Fv2%2Ftags&post=232605"}],"curies":[{"name":"wp","href":"https:\/\/api.w.org\/{rel}","templated":true}]}}