{"id":232592,"date":"2011-08-29T06:19:40","date_gmt":"2011-08-29T06:19:40","guid":{"rendered":"https:\/\/archivio.cercoiltuovolto.it\/?p=232592"},"modified":"2011-08-29T06:19:40","modified_gmt":"2011-08-29T06:19:40","slug":"da-cristo-al-guru-andata-e-ritorno-lesperienza-di-un-cercatore-di-dio-di-verlinde-joseph-marie","status":"publish","type":"post","link":"https:\/\/archivio.cercoiltuovolto.it\/?p=232592","title":{"rendered":"Da Cristo al Guru andata e ritorno &#8211; L&#8217;esperienza di un cercatore di Dio di Verlinde Joseph-Marie"},"content":{"rendered":"<p style=\"text-align: justify;\"><a href=\"http:\/\/www.cercoiltuovolto.it\/wp-content\/uploads\/2011\/08\/Da-Cristo-al-Guru-andata-e-ritorno-Lesperienza-di-un-cercatore-di-Dio.jpg\"><img loading=\"lazy\" decoding=\"async\" class=\"alignleft size-medium wp-image-19909\" title=\"Da Cristo al Guru andata e ritorno - L'esperienza di un cercatore di Dio\" src=\"http:\/\/www.cercoiltuovolto.it\/wp-content\/uploads\/2011\/08\/Da-Cristo-al-Guru-andata-e-ritorno-Lesperienza-di-un-cercatore-di-Dio-193x300.jpg\" alt=\"\" width=\"193\" height=\"300\" \/><\/a>Scritta sotto forma di intervista, la testimonianza di padre Verlinde percorre la sua esperienza di ricerca di \u00absenso\u00bb, per dare uno scopo profondo alla vita. Questa ricerca lo conduce alle pratiche ascetiche orientali (yoga meditazione trascendentale MT) che lo porta in India come discepolo del guru Maharishi Mahesh Yogi, approfondendo cos\u00ec la filosofia religiosa induista e buddista. Ma l\u2019esperienza dell\u2019annientamento dell\u2019\u00abio\u00bb personale in un \u00abs\u00e9\u00bb divino impersonale, suscita in lui alcune domande fondamentali: Che significato ha una felicit\u00e0 che si vive da soli e non si apre all\u2019Altro? Che rimane dell\u2019amore quando l\u2019amante e l\u2019amato si sono fusi in una dimensione senza volto e senza nome? Con una reale preoccupazione pedagogica, sostenuta da una solida riflessione antropologica e teologica, egli avverte i \u00abcercatori di senso\u00bb che si impegnano sulle vie dell\u2019Oriente e chiarisce le implicazioni dello yoga che va molto al di l\u00e0 di un metodo di rilassamento e di meditazione. L\u2019incontro decisivo con Ges\u00f9 Cristo lo porta a seguirlo sui sentieri del Vangelo. Ma la via \u00e8 ancora lunga, e passa per altre esperienze quali le pratiche esoteriche e l\u2019occultismo. In questo clima matura comunque la vocazione al sacerdozio: \u00abColui che cercavo in capo al mondo, in una tradizione lontana, attendeva pazientemente che io mi degnassi di riconoscere e accogliere la sua presenza\u00bb.<\/p>\n<p style=\"text-align: justify;\"><strong>Punti forti\u00a0<\/strong><br \/>Testimoniamza a forma di intervista che chiarisce la natura delle religioni orientali e la loro insufficienza a dare senso alla vita.\u00a0<br \/>Padre Verlinde sar\u00e0 uno dei cinque testimoni alla Giornata Mondiale della Giovent\u00f9, che si svolger\u00e0 a Madrid dal 16 al 21 agosto 2011.\u00a0<br \/>Sulla sua vicenda umana e spirituale \u00e8 stato realizzato in Francia un docu-film.<\/p>\n<div class=\"powerpressbox\">\n<p>[powerpress]<\/p>\n<\/div>\n<p class=\"acquista-paragrafo\"><a href=\"http:\/\/www.libreriadelsanto.it\/libri\/9788831539920\/da-cristo-al-guru-andata-e-ritorno.html?p=sot\" target=\"_blank\">Acquista il libro<\/a> su Libreria del Santo oppure su <a href=\"http:\/\/www.paoline.it\/SchedaProdottoEC.aspx?IdP=9788831539920\">Paoline.it<\/a><\/p>\n","protected":false},"excerpt":{"rendered":"<p>Scritta sotto forma di intervista, la testimonianza di padre Verlinde percorre la sua esperienza di ricerca di \u00absenso\u00bb, per dare uno scopo profondo alla vita. Questa ricerca lo conduce alle pratiche ascetiche orientali (yoga meditazione trascendentale MT) che lo porta in India come discepolo del guru Maharishi Mahesh Yogi, approfondendo cos\u00ec la filosofia religiosa induista&#8230;<\/p>\n","protected":false},"author":3,"featured_media":0,"comment_status":"closed","ping_status":"closed","sticky":false,"template":"","format":"standard","meta":{"_kad_post_transparent":"","_kad_post_title":"","_kad_post_layout":"","_kad_post_sidebar_id":"","_kad_post_content_style":"","_kad_post_vertical_padding":"","_kad_post_feature":"","_kad_post_feature_position":"","_kad_post_header":false,"_kad_post_footer":false,"_kad_post_classname":"","footnotes":""},"categories":[101,136],"tags":[17,316],"class_list":["post-232592","post","type-post","status-publish","format-standard","hentry","category-101","category-dio","tag-libri","tag-testimonianze"],"_links":{"self":[{"href":"https:\/\/archivio.cercoiltuovolto.it\/index.php?rest_route=\/wp\/v2\/posts\/232592","targetHints":{"allow":["GET"]}}],"collection":[{"href":"https:\/\/archivio.cercoiltuovolto.it\/index.php?rest_route=\/wp\/v2\/posts"}],"about":[{"href":"https:\/\/archivio.cercoiltuovolto.it\/index.php?rest_route=\/wp\/v2\/types\/post"}],"author":[{"embeddable":true,"href":"https:\/\/archivio.cercoiltuovolto.it\/index.php?rest_route=\/wp\/v2\/users\/3"}],"replies":[{"embeddable":true,"href":"https:\/\/archivio.cercoiltuovolto.it\/index.php?rest_route=%2Fwp%2Fv2%2Fcomments&post=232592"}],"version-history":[{"count":0,"href":"https:\/\/archivio.cercoiltuovolto.it\/index.php?rest_route=\/wp\/v2\/posts\/232592\/revisions"}],"wp:attachment":[{"href":"https:\/\/archivio.cercoiltuovolto.it\/index.php?rest_route=%2Fwp%2Fv2%2Fmedia&parent=232592"}],"wp:term":[{"taxonomy":"category","embeddable":true,"href":"https:\/\/archivio.cercoiltuovolto.it\/index.php?rest_route=%2Fwp%2Fv2%2Fcategories&post=232592"},{"taxonomy":"post_tag","embeddable":true,"href":"https:\/\/archivio.cercoiltuovolto.it\/index.php?rest_route=%2Fwp%2Fv2%2Ftags&post=232592"}],"curies":[{"name":"wp","href":"https:\/\/api.w.org\/{rel}","templated":true}]}}