{"id":232566,"date":"2011-08-12T06:00:45","date_gmt":"2011-08-12T06:00:45","guid":{"rendered":"https:\/\/archivio.cercoiltuovolto.it\/?p=232566"},"modified":"2011-08-12T06:00:45","modified_gmt":"2011-08-12T06:00:45","slug":"commento-al-vangelo-del-14-agosto-2011-don-domenico-luciani","status":"publish","type":"post","link":"https:\/\/archivio.cercoiltuovolto.it\/?p=232566","title":{"rendered":"Commento al Vangelo del 14 agosto 2011 &#8211; don Domenico Luciani"},"content":{"rendered":"<p style=\"text-align: center;\">\n<p>Commento al Vangelo della XX Domenica del Tempo Ordinario a cura di don Domenico Luciani della <a href=\"http:\/\/www.sabinasantacroce.org\/\">Parrocchia Santa Croce a Passo Corese<\/a> (RI).<\/p>\n<blockquote style=\"text-align: justify;\">\n<p><em>Mt 15, 21-28<\/em><br \/><em>Dal Vangelo secondo\u00a0Matteo<\/em><\/p>\n<p>In quel tempo, partito di l\u00e0, Ges\u00f9 si ritir\u00f2 verso la zona di Tiro e di Sid\u00f2ne. Ed ecco una donna Canan\u00e8a, che veniva da quella regione, si mise a gridare: \u00abPiet\u00e0 di me, Signore, figlio di Davide! Mia figlia \u00e8 molto tormentata da un demonio\u00bb. Ma egli non le rivolse neppure una parola.<br \/>Allora i suoi discepoli gli si avvicinarono e lo implorarono: \u00abEsaudiscila, perch\u00e9 ci viene dietro gridando!\u00bb. Egli rispose: \u00abNon sono stato mandato se non alle pecore perdute della casa d\u2019Israele\u00bb.<br \/>Ma quella si avvicin\u00f2 e si prostr\u00f2 dinanzi a lui, dicendo: \u00abSignore, aiutami!\u00bb. Ed egli rispose: \u00abNon \u00e8 bene prendere il pane dei figli e gettarlo ai cagnolini\u00bb. \u00ab\u00c8 vero, Signore \u2013 disse la donna \u2013, eppure i cagnolini mangiano le briciole che cadono dalla tavola dei loro padroni\u00bb.<br \/>Allora Ges\u00f9 le replic\u00f2: \u00abDonna, grande \u00e8 la tua fede! Avvenga per te come desideri\u00bb. E da quell\u2019istante sua figlia fu guarita.<br \/>C: Parola del Signore.<br \/>A: Lode a Te o Cristo.<\/p>\n<\/blockquote>\n<p class=\"podcast\" style=\"text-align: left;\"><a href=\"http:\/\/www.sabinasantacroce.org\/audio\/clip81.mp3\">Scarica il file mp3<\/a><\/p>\n<p class=\"link\" style=\"text-align: left;\"><a href=\"http:\/\/www.youtube.com\/watch?v=wQBEyGqRV5o\">Link al video<\/a><\/p>\n<p class=\"link\">Sito web: <a href=\"http:\/\/www.sabinasantacroce.org\">Parrocchia Santa Croce<\/a><\/p>\n<p>&nbsp;<\/p>\n","protected":false},"excerpt":{"rendered":"<p>Commento al Vangelo della XX Domenica del Tempo Ordinario a cura di don Domenico Luciani della Parrocchia Santa Croce a Passo Corese (RI). Mt 15, 21-28Dal Vangelo secondo\u00a0Matteo In quel tempo, partito di l\u00e0, Ges\u00f9 si ritir\u00f2 verso la zona di Tiro e di Sid\u00f2ne. Ed ecco una donna Canan\u00e8a, che veniva da quella regione,&#8230;<\/p>\n","protected":false},"author":3,"featured_media":0,"comment_status":"closed","ping_status":"closed","sticky":false,"template":"","format":"standard","meta":{"_kad_post_transparent":"","_kad_post_title":"","_kad_post_layout":"","_kad_post_sidebar_id":"","_kad_post_content_style":"","_kad_post_vertical_padding":"","_kad_post_feature":"","_kad_post_feature_position":"","_kad_post_header":false,"_kad_post_footer":false,"_kad_post_classname":"","footnotes":""},"categories":[101,147],"tags":[172,83],"class_list":["post-232566","post","type-post","status-publish","format-standard","hentry","category-101","category-commento-al-vangelo","tag-vangelo-della-domenica","tag-youtube"],"_links":{"self":[{"href":"https:\/\/archivio.cercoiltuovolto.it\/index.php?rest_route=\/wp\/v2\/posts\/232566","targetHints":{"allow":["GET"]}}],"collection":[{"href":"https:\/\/archivio.cercoiltuovolto.it\/index.php?rest_route=\/wp\/v2\/posts"}],"about":[{"href":"https:\/\/archivio.cercoiltuovolto.it\/index.php?rest_route=\/wp\/v2\/types\/post"}],"author":[{"embeddable":true,"href":"https:\/\/archivio.cercoiltuovolto.it\/index.php?rest_route=\/wp\/v2\/users\/3"}],"replies":[{"embeddable":true,"href":"https:\/\/archivio.cercoiltuovolto.it\/index.php?rest_route=%2Fwp%2Fv2%2Fcomments&post=232566"}],"version-history":[{"count":0,"href":"https:\/\/archivio.cercoiltuovolto.it\/index.php?rest_route=\/wp\/v2\/posts\/232566\/revisions"}],"wp:attachment":[{"href":"https:\/\/archivio.cercoiltuovolto.it\/index.php?rest_route=%2Fwp%2Fv2%2Fmedia&parent=232566"}],"wp:term":[{"taxonomy":"category","embeddable":true,"href":"https:\/\/archivio.cercoiltuovolto.it\/index.php?rest_route=%2Fwp%2Fv2%2Fcategories&post=232566"},{"taxonomy":"post_tag","embeddable":true,"href":"https:\/\/archivio.cercoiltuovolto.it\/index.php?rest_route=%2Fwp%2Fv2%2Ftags&post=232566"}],"curies":[{"name":"wp","href":"https:\/\/api.w.org\/{rel}","templated":true}]}}