{"id":232560,"date":"2011-08-04T09:03:03","date_gmt":"2011-08-04T09:03:03","guid":{"rendered":"https:\/\/archivio.cercoiltuovolto.it\/?p=232560"},"modified":"2011-08-04T09:03:03","modified_gmt":"2011-08-04T09:03:03","slug":"igpii-la-nuova-app-iphone-per-la-gmg-2011","status":"publish","type":"post","link":"https:\/\/archivio.cercoiltuovolto.it\/?p=232560","title":{"rendered":"iGPII &#8211; la nuova app iPhone per la GMG 2011"},"content":{"rendered":"\n<p class=\"acquista-paragrafo\" style=\"text-align: justify;\"><strong><a href=\"http:\/\/clk.tradedoubler.com\/click?p=24373&amp;a=1964226&amp;url=http%3A%2F%2Fitunes.apple.com%2Fit%2Fapp%2Figp-ii-italiano%2Fid451629904%3Fmt%3D8%26uo%3D4%26partnerId%3D2003\">Scarica l&#8217;app da iTunes<\/a><\/strong><\/p>\n<p style=\"text-align: justify;\"><a href=\"http:\/\/clk.tradedoubler.com\/click?p=24373&amp;a=1964226&amp;url=http%3A%2F%2Fitunes.apple.com%2Fit%2Fapp%2Figp-ii-italiano%2Fid451629904%3Fmt%3D8%26uo%3D4%26partnerId%3D2003\">iGPII \u00e8 la prima ed unica App ufficiale della Fondazione Giovanni Paolo II per la Giovent\u00f9<\/a>, l\u2019organismo del Pontificio Consiglio per i Laici.<br \/><strong>Questa \u00e8 la Versione Italiana. This is Italian Version Language<\/strong>.<\/p>\n<p style=\"text-align: justify;\">L\u2019applicazione, creata per seguire da vicino i programmi ed i progetti della Fondazione Giovanni Paolo II, contiene, e conterr\u00e0, notizie e arricchimenti relativi agli Eventi importanti<br \/>quali <strong>Giornata Mondiale della Giovent\u00f9 2011<\/strong> che si svolger\u00e0 a Madrid.<\/p>\n<p style=\"text-align: justify;\">I contenuti principali dell\u2019Applicazione sono, per la parte riguardante la Fondazione: le Attivit\u00e0 e Mission della Fondazione; la Biografia di Giovanni Paolo II; i Luoghi di Giovanni Paolo II, la Beatificazione di Giovanni Paolo II; i Messaggi pi\u00f9 belli per i Giovani; le Preghiere di Giovanni Paolo II; le Frasi pi\u00f9 belle; la Foto e Video Gallery ufficiale.<\/p>\n<p style=\"text-align: justify;\"><strong>Per la Giornata Mondiale della Giovent\u00f9<\/strong>: ogni informazione generale e specifica sull\u2019Evento quali news in continuo aggiornamento, L&#8217;Agenda culturale dei pellegrini e del Papa.<br \/>Il pellegrinaggio e le catechesi, una raccolta ufficiale di messaggi e preghiere per i giovani di Benedetto XVI; L&#8217;inno della JMJ 2011, il cammino della Croce ed infine Foto Gallery e Video Gallery Ufficiale dell&#8217;Evento.<\/p>\n<p style=\"text-align: justify;\">L&#8217;app contiene inoltre alcune curiosit\u00e0 sulla citt\u00e0 di Madrid e della Spagna grazie ad una Guida descrittiva dei luoghi e monumenti da visitare, Nonch\u00e9 dei luoghi convenzionati per dormire collegata con la Mappa e la funzione GPS del vostro Iphone.<\/p>\n<p style=\"text-align: justify;\"><a href=\"http:\/\/clk.tradedoubler.com\/click?p=24373&amp;a=1964226&amp;url=http%3A%2F%2Fitunes.apple.com%2Fit%2Fapp%2Figp-ii-italiano%2Fid451629904%3Fmt%3D8%26uo%3D4%26partnerId%3D2003\">iGP II<\/a>: Per consentire a tutti gli utenti di scaricare costantemente gli aggiornamenti della JMJ 2011 e dei prossimi Grandi Eventi organizzati dalla Fondazione.<\/p>\n<p style=\"text-align: justify;\">Nella Prossima Release sar\u00e0 attiva la Funzione Cerca Amici<\/p>\n<p class=\"acquista-paragrafo\" style=\"text-align: justify;\"><strong><a href=\"http:\/\/clk.tradedoubler.com\/click?p=24373&amp;a=1964226&amp;url=http%3A%2F%2Fitunes.apple.com%2Fit%2Fapp%2Figp-ii-italiano%2Fid451629904%3Fmt%3D8%26uo%3D4%26partnerId%3D2003\">Scarica l&#8217;app da iTunes<\/a><\/strong><\/p>\n","protected":false},"excerpt":{"rendered":"<p>Scarica l&#8217;app da iTunes iGPII \u00e8 la prima ed unica App ufficiale della Fondazione Giovanni Paolo II per la Giovent\u00f9, l\u2019organismo del Pontificio Consiglio per i Laici.Questa \u00e8 la Versione Italiana. This is Italian Version Language. L\u2019applicazione, creata per seguire da vicino i programmi ed i progetti della Fondazione Giovanni Paolo II, contiene, e conterr\u00e0,&#8230;<\/p>\n","protected":false},"author":3,"featured_media":0,"comment_status":"closed","ping_status":"closed","sticky":false,"template":"","format":"standard","meta":{"_kad_post_transparent":"","_kad_post_title":"","_kad_post_layout":"","_kad_post_sidebar_id":"","_kad_post_content_style":"","_kad_post_vertical_padding":"","_kad_post_feature":"","_kad_post_feature_position":"","_kad_post_header":false,"_kad_post_footer":false,"_kad_post_classname":"","footnotes":""},"categories":[101,513],"tags":[380,154,77],"class_list":["post-232560","post","type-post","status-publish","format-standard","hentry","category-101","category-gmg-2011","tag-in-evidenza","tag-iniziative","tag-iphone"],"_links":{"self":[{"href":"https:\/\/archivio.cercoiltuovolto.it\/index.php?rest_route=\/wp\/v2\/posts\/232560","targetHints":{"allow":["GET"]}}],"collection":[{"href":"https:\/\/archivio.cercoiltuovolto.it\/index.php?rest_route=\/wp\/v2\/posts"}],"about":[{"href":"https:\/\/archivio.cercoiltuovolto.it\/index.php?rest_route=\/wp\/v2\/types\/post"}],"author":[{"embeddable":true,"href":"https:\/\/archivio.cercoiltuovolto.it\/index.php?rest_route=\/wp\/v2\/users\/3"}],"replies":[{"embeddable":true,"href":"https:\/\/archivio.cercoiltuovolto.it\/index.php?rest_route=%2Fwp%2Fv2%2Fcomments&post=232560"}],"version-history":[{"count":0,"href":"https:\/\/archivio.cercoiltuovolto.it\/index.php?rest_route=\/wp\/v2\/posts\/232560\/revisions"}],"wp:attachment":[{"href":"https:\/\/archivio.cercoiltuovolto.it\/index.php?rest_route=%2Fwp%2Fv2%2Fmedia&parent=232560"}],"wp:term":[{"taxonomy":"category","embeddable":true,"href":"https:\/\/archivio.cercoiltuovolto.it\/index.php?rest_route=%2Fwp%2Fv2%2Fcategories&post=232560"},{"taxonomy":"post_tag","embeddable":true,"href":"https:\/\/archivio.cercoiltuovolto.it\/index.php?rest_route=%2Fwp%2Fv2%2Ftags&post=232560"}],"curies":[{"name":"wp","href":"https:\/\/api.w.org\/{rel}","templated":true}]}}