{"id":232558,"date":"2011-08-04T06:37:27","date_gmt":"2011-08-04T06:37:27","guid":{"rendered":"https:\/\/archivio.cercoiltuovolto.it\/?p=232558"},"modified":"2011-08-04T06:37:27","modified_gmt":"2011-08-04T06:37:27","slug":"aborigeno-con-gli-aborigeni-per-levangelizzazione-in-australia","status":"publish","type":"post","link":"https:\/\/archivio.cercoiltuovolto.it\/?p=232558","title":{"rendered":"Aborigeno con gli aborigeni. Per l&#8217;evangelizzazione in Australia"},"content":{"rendered":"<h3>Il testo della Relazione (1883) per Propaganda Fide del Vescovo Rudesindo Salvado<\/h3>\n<p>\u00a0di\u00a0Giulio Cipolline e Clara Orlandi<\/p>\n<p style=\"text-align: justify;\"><a href=\"http:\/\/www.libreriadelsanto.it\/libri\/9788820985332\/aborigeno-con-gli-aborigeni-per-levangelizzazione-in-australia.html?p=sot\"><img loading=\"lazy\" decoding=\"async\" class=\"alignleft size-full wp-image-19792\" title=\"Aborigeno con gli aborigeni\" src=\"http:\/\/www.cercoiltuovolto.it\/wp-content\/uploads\/2011\/08\/Aborigeno-con-gli-aborigeni.jpg\" alt=\"\" width=\"250\" height=\"345\" \/><\/a>Mercoled\u00ec 30 marzo 2011 alle ore 17.30 presso il Palazzo della Congregazione per l\u2019Evangelizzazione dei Popoli in via di Propaganda, 1\/C a Roma \u00e8 stato presentato il volume \u201c<strong>Aborigeno con gli aborigeni per l\u2019evangelizzazione in Australia<\/strong>\u201d di Giulio Cipollone e Clara Orlandi. Intervengono il Card. Ivan Dias, prefetto della Congregazione per l\u2019Evangelizzaizone dei Popoli, S.E. On Timothy Andrew Fischer, Ambasciatore dell\u2019Australia\u00a0presso la Santa Sede, il Prof. Jes\u00fas \u00c1ngel Barreda, Pontificia Universit\u00e0 Urbaniana, Mons. Luis Manuel Cu\u00f1a Ramos, Archivista dell\u2019Archivio storico di Propaganda Fide, il prof. Cosimo Semeraro, segretario del Pontificio Comitato di Scienze Storiche e il Prof. Don Giuseppe Costa, Direttore della Libreria Editrice Vaticana, e che moderer\u00e0 l\u2019incontro. Lo spagnolo Rudesindo Salvado fu missionario in\u00a0Australia\u00a0(vescovo ed abate) dal 1846 alla sua morte nel 1900. Salvado \u00e8 personaggio singolare tra i missionari cattolici e protestanti\u00a0 &#8230;.<\/p>\n<p style=\"text-align: justify;\">&#8230; del\u00a0XIX\u00a0secolo\u00a0in Australia per alcune evidenti caratteristiche: crede in modo assoluto nella dignit\u00e0 e nelle qualit\u00e0 degli aborigeni e quindi nella assoluta uguaglianza con i \u2018bianchi\u2019 europei; non fa mai riferimento ai termini \u2018nero\u2019 o razza\u2019 per indicare gli aborigeni; riesce a farsi nomade con gli aborigeni nomadi condividendo rifugi e cibo; riesce a fare degli aborigeni degli stanziali: ottimi lavoratori, conoscitori del Vangelo, telegrafisti, giocatori di cricket; preserva gli aborigeni dalla \u2018contaminazione\u2019 dei vizi degli Europei .<\/p>\n<p style=\"text-align: justify;\">Salvado \u00e8 osservatore attento dei fatti che tramanda in varie relazioni. Una relazione dal carattere \u2018ufficiale\u2019 \u00e8 scritta per Propaganda Fide e ultimata nel 1883. Questo documento \u00e8 di straordinaria importanza per i dettagli insieme alla completezza, e per illustrare fatti che si riferiscono a molti personaggi cattolici e protestanti collegati al mondo della missione sia in Australia che in Europa.<\/p>\n<p style=\"text-align: justify;\">Il volume presenta l\u2019edizione critica di questo documento sinora inedito ed utile anche come \u201cmodello quanto ai criteri da rispettare per la raccolta della documentazione, il prendere in considerazione la storiografia recente, l\u2019identificazione dell\u2019autore e la contestualizzazione\u201d cos\u00ec come detto da Claude Prudhomme, specialista in storia della diffusione del cattolicesimo missionario dal\u00a0XIX secolo, nella presentazione al volume.<\/p>\n<p>Il volume \u00e8 arricchito da tavole, indici e varie appendici, tra cui un glossario di termini aborigeni.<\/p>\n<\/p>\n<p class=\"acquista-paragrafo\"><a href=\"http:\/\/www.libreriadelsanto.it\/libri\/9788820985332\/aborigeno-con-gli-aborigeni-per-levangelizzazione-in-australia.html?p=sot\" target=\"_blank\">Acquista il libro<\/a> su Libreria del Santo<\/p>\n","protected":false},"excerpt":{"rendered":"<p>Il testo della Relazione (1883) per Propaganda Fide del Vescovo Rudesindo Salvado \u00a0di\u00a0Giulio Cipolline e Clara Orlandi Mercoled\u00ec 30 marzo 2011 alle ore 17.30 presso il Palazzo della Congregazione per l\u2019Evangelizzazione dei Popoli in via di Propaganda, 1\/C a Roma \u00e8 stato presentato il volume \u201cAborigeno con gli aborigeni per l\u2019evangelizzazione in Australia\u201d di Giulio&#8230;<\/p>\n","protected":false},"author":3,"featured_media":0,"comment_status":"closed","ping_status":"closed","sticky":false,"template":"","format":"standard","meta":{"_kad_post_transparent":"","_kad_post_title":"","_kad_post_layout":"","_kad_post_sidebar_id":"","_kad_post_content_style":"","_kad_post_vertical_padding":"","_kad_post_feature":"","_kad_post_feature_position":"","_kad_post_header":false,"_kad_post_footer":false,"_kad_post_classname":"","footnotes":""},"categories":[101,3],"tags":[17],"class_list":["post-232558","post","type-post","status-publish","format-standard","hentry","category-101","category-libri","tag-libri"],"_links":{"self":[{"href":"https:\/\/archivio.cercoiltuovolto.it\/index.php?rest_route=\/wp\/v2\/posts\/232558","targetHints":{"allow":["GET"]}}],"collection":[{"href":"https:\/\/archivio.cercoiltuovolto.it\/index.php?rest_route=\/wp\/v2\/posts"}],"about":[{"href":"https:\/\/archivio.cercoiltuovolto.it\/index.php?rest_route=\/wp\/v2\/types\/post"}],"author":[{"embeddable":true,"href":"https:\/\/archivio.cercoiltuovolto.it\/index.php?rest_route=\/wp\/v2\/users\/3"}],"replies":[{"embeddable":true,"href":"https:\/\/archivio.cercoiltuovolto.it\/index.php?rest_route=%2Fwp%2Fv2%2Fcomments&post=232558"}],"version-history":[{"count":0,"href":"https:\/\/archivio.cercoiltuovolto.it\/index.php?rest_route=\/wp\/v2\/posts\/232558\/revisions"}],"wp:attachment":[{"href":"https:\/\/archivio.cercoiltuovolto.it\/index.php?rest_route=%2Fwp%2Fv2%2Fmedia&parent=232558"}],"wp:term":[{"taxonomy":"category","embeddable":true,"href":"https:\/\/archivio.cercoiltuovolto.it\/index.php?rest_route=%2Fwp%2Fv2%2Fcategories&post=232558"},{"taxonomy":"post_tag","embeddable":true,"href":"https:\/\/archivio.cercoiltuovolto.it\/index.php?rest_route=%2Fwp%2Fv2%2Ftags&post=232558"}],"curies":[{"name":"wp","href":"https:\/\/api.w.org\/{rel}","templated":true}]}}